{"id":6454,"date":"2018-06-19T08:29:52","date_gmt":"2018-06-19T11:29:52","guid":{"rendered":"http:\/\/dsrmedios.com.ar\/diario\/?p=6454"},"modified":"2018-06-19T08:29:52","modified_gmt":"2018-06-19T11:29:52","slug":"la-vida-de-la-gran-tita-merello-llega-al-cine-espanol-con-entrad-gratuita","status":"publish","type":"post","link":"http:\/\/dsrmedios.com.ar\/diario\/archivos\/6454","title":{"rendered":"La vida de la gran Tita Merello llega al Cine Espa\u00f1ol con entrad gratuita"},"content":{"rendered":"<p>A las 17hs de ma\u00f1ana mi\u00e9rcoles feriado se realizar\u00e1 una funci\u00f3n gratuita en el Cine Club Espa\u00f1ol.<br \/>\nSe proyectar\u00e1 la pel\u00edcula &#8220;Yo soy as\u00ed&#8221; de Tita Merello y un corto audiovisual realizado por los adultos mayores de las Miniresidencias municipales para concientizar sobre los riesgos cardiopaticos producidos por el consumo de tabaco.<br \/>\nLa iniciativa es impulsada por el Municipio.<\/p>\n","protected":false},"excerpt":{"rendered":"<div class=\"mh-excerpt\"><p>A las 17hs de ma\u00f1ana mi\u00e9rcoles feriado se realizar\u00e1 una funci\u00f3n gratuita en el Cine Club Espa\u00f1ol. Se proyectar\u00e1 la pel\u00edcula &#8220;Yo soy as\u00ed&#8221; de Tita Merello y un corto audiovisual realizado por los adultos mayores de las Miniresidencias municipales para concientizar sobre los riesgos cardiopaticos producidos por el consumo de tabaco. La iniciativa es impulsada por el Municipio.<\/p>\n<\/div>","protected":false},"author":5,"featured_media":6455,"comment_status":"open","ping_status":"closed","sticky":false,"template":"","format":"standard","meta":{"_jetpack_newsletter_access":""},"categories":[18,31],"tags":[],"jetpack_featured_media_url":"http:\/\/dsrmedios.com.ar\/diario\/wp-content\/uploads\/2018\/06\/cinetita.jpeg","jetpack_sharing_enabled":true,"jetpack_shortlink":"https:\/\/wp.me\/p9fihK-1G6","_links":{"self":[{"href":"http:\/\/dsrmedios.com.ar\/diario\/wp-json\/wp\/v2\/posts\/6454"}],"collection":[{"href":"http:\/\/dsrmedios.com.ar\/diario\/wp-json\/wp\/v2\/posts"}],"about":[{"href":"http:\/\/dsrmedios.com.ar\/diario\/wp-json\/wp\/v2\/types\/post"}],"author":[{"embeddable":true,"href":"http:\/\/dsrmedios.com.ar\/diario\/wp-json\/wp\/v2\/users\/5"}],"replies":[{"embeddable":true,"href":"http:\/\/dsrmedios.com.ar\/diario\/wp-json\/wp\/v2\/comments?post=6454"}],"version-history":[{"count":1,"href":"http:\/\/dsrmedios.com.ar\/diario\/wp-json\/wp\/v2\/posts\/6454\/revisions"}],"predecessor-version":[{"id":6456,"href":"http:\/\/dsrmedios.com.ar\/diario\/wp-json\/wp\/v2\/posts\/6454\/revisions\/6456"}],"wp:featuredmedia":[{"embeddable":true,"href":"http:\/\/dsrmedios.com.ar\/diario\/wp-json\/wp\/v2\/media\/6455"}],"wp:attachment":[{"href":"http:\/\/dsrmedios.com.ar\/diario\/wp-json\/wp\/v2\/media?parent=6454"}],"wp:term":[{"taxonomy":"category","embeddable":true,"href":"http:\/\/dsrmedios.com.ar\/diario\/wp-json\/wp\/v2\/categories?post=6454"},{"taxonomy":"post_tag","embeddable":true,"href":"http:\/\/dsrmedios.com.ar\/diario\/wp-json\/wp\/v2\/tags?post=6454"}],"curies":[{"name":"wp","href":"https:\/\/api.w.org\/{rel}","templated":true}]}}