{"id":6449,"date":"2018-06-19T08:24:33","date_gmt":"2018-06-19T11:24:33","guid":{"rendered":"http:\/\/dsrmedios.com.ar\/diario\/?p=6449"},"modified":"2018-06-19T08:24:33","modified_gmt":"2018-06-19T11:24:33","slug":"el-senado-suspende-actividad-legislativa-en-solidaridad-con-la-tragedia-del-senador-naidennof","status":"publish","type":"post","link":"http:\/\/dsrmedios.com.ar\/diario\/archivos\/6449","title":{"rendered":"El Senado suspende actividad legislativa en solidaridad con la tragedia del Senador Naidennof"},"content":{"rendered":"<p>El Senado de la Naci\u00f3n dispuso el lunes la suspensi\u00f3n de todas sus actividades en solidaridad con el senador Luis Naidenof, quien sufri\u00f3 la tragedia del fallecimiento de su esposa, Cynthia Sonaridio, y su hijo de 16 a\u00f1os, Joaqu\u00edn, aparentemente debido a la inhalaci\u00f3n de mon\u00f3xido de carbono. La resoluci\u00f3n se dio a trav\u00e9s del decreto 96\/18, firmado por el presidente provisional del Senado, Federico Pinedo, y por el prosecretario parlamentario del Cuerpo, Eric Calcagno.<\/p>\n<p>De este modo, las actividades previstas para avanzar con el proyecto de ley de interrupci\u00f3n voluntaria del embarazo luego de la media sanci\u00f3n en Diputados tampoco se llevar\u00e1n a cabo y se diluye la intenci\u00f3n de que tenga un tratamiento expr\u00e9s.<\/p>\n<p>Este martes estaba previsto una reuni\u00f3n con los jefes de los bloques mayoritarios para avanzar con los acuerdos relativos a los giros de comisi\u00f3n y los plazos estimativos del debate. A ra\u00edz de la tragedia, es factible que no se desprenda un cronograma tentativo hasta la semana que viene.<\/p>\n<p>fuente:www.infocielo.com<\/p>\n","protected":false},"excerpt":{"rendered":"<div class=\"mh-excerpt\"><p>El Senado de la Naci\u00f3n dispuso el lunes la suspensi\u00f3n de todas sus actividades en solidaridad con el senador Luis Naidenof, quien sufri\u00f3 la tragedia del fallecimiento de su esposa, Cynthia Sonaridio, y su hijo de 16 a\u00f1os, Joaqu\u00edn, aparentemente debido a la inhalaci\u00f3n de mon\u00f3xido de carbono. La resoluci\u00f3n se dio a trav\u00e9s del decreto 96\/18, firmado por el presidente provisional del Senado, Federico Pinedo, y por el prosecretario parlamentario del Cuerpo, Eric Calcagno. De este modo, las actividades previstas para avanzar con el proyecto de ley de interrupci\u00f3n voluntaria del embarazo luego de la media sanci\u00f3n en Diputados <a class=\"mh-excerpt-more\" href=\"http:\/\/dsrmedios.com.ar\/diario\/archivos\/6449\" title=\"El Senado suspende actividad legislativa en solidaridad con la tragedia del Senador Naidennof\">[Leer m\u00e1s]<\/a><\/p>\n<\/div>","protected":false},"author":5,"featured_media":6450,"comment_status":"open","ping_status":"closed","sticky":false,"template":"","format":"standard","meta":{"_jetpack_newsletter_access":""},"categories":[18,6],"tags":[],"jetpack_featured_media_url":"http:\/\/dsrmedios.com.ar\/diario\/wp-content\/uploads\/2018\/06\/senaddd.jpg","jetpack_sharing_enabled":true,"jetpack_shortlink":"https:\/\/wp.me\/p9fihK-1G1","_links":{"self":[{"href":"http:\/\/dsrmedios.com.ar\/diario\/wp-json\/wp\/v2\/posts\/6449"}],"collection":[{"href":"http:\/\/dsrmedios.com.ar\/diario\/wp-json\/wp\/v2\/posts"}],"about":[{"href":"http:\/\/dsrmedios.com.ar\/diario\/wp-json\/wp\/v2\/types\/post"}],"author":[{"embeddable":true,"href":"http:\/\/dsrmedios.com.ar\/diario\/wp-json\/wp\/v2\/users\/5"}],"replies":[{"embeddable":true,"href":"http:\/\/dsrmedios.com.ar\/diario\/wp-json\/wp\/v2\/comments?post=6449"}],"version-history":[{"count":1,"href":"http:\/\/dsrmedios.com.ar\/diario\/wp-json\/wp\/v2\/posts\/6449\/revisions"}],"predecessor-version":[{"id":6451,"href":"http:\/\/dsrmedios.com.ar\/diario\/wp-json\/wp\/v2\/posts\/6449\/revisions\/6451"}],"wp:featuredmedia":[{"embeddable":true,"href":"http:\/\/dsrmedios.com.ar\/diario\/wp-json\/wp\/v2\/media\/6450"}],"wp:attachment":[{"href":"http:\/\/dsrmedios.com.ar\/diario\/wp-json\/wp\/v2\/media?parent=6449"}],"wp:term":[{"taxonomy":"category","embeddable":true,"href":"http:\/\/dsrmedios.com.ar\/diario\/wp-json\/wp\/v2\/categories?post=6449"},{"taxonomy":"post_tag","embeddable":true,"href":"http:\/\/dsrmedios.com.ar\/diario\/wp-json\/wp\/v2\/tags?post=6449"}],"curies":[{"name":"wp","href":"https:\/\/api.w.org\/{rel}","templated":true}]}}