{"id":6446,"date":"2018-06-19T08:18:38","date_gmt":"2018-06-19T11:18:38","guid":{"rendered":"http:\/\/dsrmedios.com.ar\/diario\/?p=6446"},"modified":"2018-06-19T08:18:38","modified_gmt":"2018-06-19T11:18:38","slug":"escalofriante-caso-policial-de-trata-de-menores-en-coronel-suarez","status":"publish","type":"post","link":"http:\/\/dsrmedios.com.ar\/diario\/archivos\/6446","title":{"rendered":"Escalofriante caso policial de trata de menores en Coronel Su\u00e1rez"},"content":{"rendered":"<p>Por el supuesto delito de Trata de Personas se detuvo a los progenitores de las chicas y a otras dos personas. &#8220;Parece algo medieval, pero es as\u00ed&#8221;, dijo una fuente judicial.<\/p>\n<p>La polic\u00eda rescat\u00f3 a dos hermanas -una menor de edad- v\u00edctimas de trata de personas, luego de detener a los padres de las chicas imputados de &#8220;vender&#8221; a sus hijas para, al parecer, prostituirlas y a otros dos presuntos autores del delito que se habr\u00eda cometido en nuestra ciudad.<\/p>\n<p>La oportuna intervenci\u00f3n de la Justicia y la Polic\u00eda permiti\u00f3 prevenir un segundo hecho contra una de las j\u00f3venes, que aparentemente estaba a punto de concretarse.<\/p>\n<p>Por el caso, efectivos de la Polic\u00eda Federal Argentina (PFA) detuvieron a los padres de las j\u00f3venes y a los dos supuestos receptores de ellas, luego de tres allanamientos realizados el jueves en viviendas de nuestra ciudad.<\/p>\n<p>Estos dos \u00faltimos detenidos fueron identificados como Daniel Eduardo Sandoval y un hombre de apellido Demetrio, apodado &#8220;Jonny&#8221; y de origen gitano, que est\u00e1 internado en Su\u00e1rez a ra\u00edz de un &#8220;cuadro card\u00edaco&#8221;.<\/p>\n<p>Las requisas fueron ordenadas por la jueza federal N\u00ba 2 de Bah\u00eda Blanca, doctora Mar\u00eda Gabriela Marr\u00f3n.<\/p>\n<p>&#8220;Se investiga el delito de trata de personas por matrimonio forzado, que vend\u00eda a sus hijas (presuntamente para que se prostituyeran). Esta es una figura que est\u00e1 expresamente contemplada en la ley, pero no es muy com\u00fan&#8221;, explic\u00f3 un allegado a la investigaci\u00f3n.<\/p>\n<p>&#8220;Se denomina matrimonio forzado porque es un acuerdo entre las partes a cambio de dinero (u otro bien). Parece algo medieval, pero es as\u00ed&#8221;, acot\u00f3.<\/p>\n<p>&#8220;Hace unos a\u00f1os ocurri\u00f3 un caso (de trata en perjuicio de una de las hermanas cuando era menor), y otro estaba por concretarse contra la otra chica&#8221;, complet\u00f3 el informante.<\/p>\n<p>Tres de los imputados fueron indagados y se negaron a declarar, mientras que Demetrio a\u00fan no fue interrogado por su internaci\u00f3n.<\/p>\n<p>Los otros tres acusados est\u00e1n detenidos en la delegaci\u00f3n bahiense de la Polic\u00eda Federal.<\/p>\n<p>Los detenidos tienen domicilio en Coronel Su\u00e1rez y uno de ellos es el titular de una compraventa de veh\u00edculos, comercio que tambi\u00e9n se allan\u00f3.<\/p>\n<p>&#8220;Ambas v\u00edctimas est\u00e1n bajo resguardo y se encuentran bien&#8221;, afirm\u00f3 el vocero judicial.<\/p>\n<p>El delito se denunci\u00f3 en abril<\/p>\n<p>La investigaci\u00f3n, en la que tambi\u00e9n tom\u00f3 intervenci\u00f3n la Fiscal\u00eda Federal N\u00ba 2 de Bah\u00eda Blanca, se inici\u00f3 por una denuncia telef\u00f3nica an\u00f3nima radicada en abril.<\/p>\n<p>Los procedimientos estuvieron a cargo de personal de la divisi\u00f3n Trata de Personas de la PFA.<\/p>\n<p>Adem\u00e1s trabaja un equipo de psic\u00f3logos de la oficina de Rescate y Acompa\u00f1amiento a las Personas Damnificadas por el Delito de Trata, dependiente del ministerio de Justicia de la Naci\u00f3n.<\/p>\n<p>&#8220;Todav\u00eda se est\u00e1n por adoptar medidas y a\u00fan hay secreto sumarial. Probablemente pueda concurrir con alg\u00fan otro delito, pero todav\u00eda no lo sabemos&#8221;, finaliz\u00f3 la fuente.<\/p>\n<p>El art\u00edculo 145 ter del C\u00f3digo Penal prev\u00e9 pena de 10 a 15 a\u00f1os de prisi\u00f3n, en el caso de que el delito de trata de personas sea agravado.<\/p>\n<p>Fuente: La Nueva. y La Nueva Radio Su\u00e1rez.<\/p>\n","protected":false},"excerpt":{"rendered":"<div class=\"mh-excerpt\"><p>Por el supuesto delito de Trata de Personas se detuvo a los progenitores de las chicas y a otras dos personas. &#8220;Parece algo medieval, pero es as\u00ed&#8221;, dijo una fuente judicial. La polic\u00eda rescat\u00f3 a dos hermanas -una menor de edad- v\u00edctimas de trata de personas, luego de detener a los padres de las chicas imputados de &#8220;vender&#8221; a sus hijas para, al parecer, prostituirlas y a otros dos presuntos autores del delito que se habr\u00eda cometido en nuestra ciudad. La oportuna intervenci\u00f3n de la Justicia y la Polic\u00eda permiti\u00f3 prevenir un segundo hecho contra una de las j\u00f3venes, que <a class=\"mh-excerpt-more\" href=\"http:\/\/dsrmedios.com.ar\/diario\/archivos\/6446\" title=\"Escalofriante caso policial de trata de menores en Coronel Su\u00e1rez\">[Leer m\u00e1s]<\/a><\/p>\n<\/div>","protected":false},"author":5,"featured_media":6447,"comment_status":"open","ping_status":"closed","sticky":false,"template":"","format":"standard","meta":{"_jetpack_newsletter_access":""},"categories":[18,31],"tags":[],"jetpack_featured_media_url":"http:\/\/dsrmedios.com.ar\/diario\/wp-content\/uploads\/2018\/06\/trata.jpeg","jetpack_sharing_enabled":true,"jetpack_shortlink":"https:\/\/wp.me\/p9fihK-1FY","_links":{"self":[{"href":"http:\/\/dsrmedios.com.ar\/diario\/wp-json\/wp\/v2\/posts\/6446"}],"collection":[{"href":"http:\/\/dsrmedios.com.ar\/diario\/wp-json\/wp\/v2\/posts"}],"about":[{"href":"http:\/\/dsrmedios.com.ar\/diario\/wp-json\/wp\/v2\/types\/post"}],"author":[{"embeddable":true,"href":"http:\/\/dsrmedios.com.ar\/diario\/wp-json\/wp\/v2\/users\/5"}],"replies":[{"embeddable":true,"href":"http:\/\/dsrmedios.com.ar\/diario\/wp-json\/wp\/v2\/comments?post=6446"}],"version-history":[{"count":1,"href":"http:\/\/dsrmedios.com.ar\/diario\/wp-json\/wp\/v2\/posts\/6446\/revisions"}],"predecessor-version":[{"id":6448,"href":"http:\/\/dsrmedios.com.ar\/diario\/wp-json\/wp\/v2\/posts\/6446\/revisions\/6448"}],"wp:featuredmedia":[{"embeddable":true,"href":"http:\/\/dsrmedios.com.ar\/diario\/wp-json\/wp\/v2\/media\/6447"}],"wp:attachment":[{"href":"http:\/\/dsrmedios.com.ar\/diario\/wp-json\/wp\/v2\/media?parent=6446"}],"wp:term":[{"taxonomy":"category","embeddable":true,"href":"http:\/\/dsrmedios.com.ar\/diario\/wp-json\/wp\/v2\/categories?post=6446"},{"taxonomy":"post_tag","embeddable":true,"href":"http:\/\/dsrmedios.com.ar\/diario\/wp-json\/wp\/v2\/tags?post=6446"}],"curies":[{"name":"wp","href":"https:\/\/api.w.org\/{rel}","templated":true}]}}