{"id":6443,"date":"2018-06-19T08:17:17","date_gmt":"2018-06-19T11:17:17","guid":{"rendered":"http:\/\/dsrmedios.com.ar\/diario\/?p=6443"},"modified":"2018-06-19T08:17:17","modified_gmt":"2018-06-19T11:17:17","slug":"vecinos-de-carhue-sufrieron-un-accidente-multiple-en-la-ruta-33-ayer","status":"publish","type":"post","link":"http:\/\/dsrmedios.com.ar\/diario\/archivos\/6443","title":{"rendered":"Vecinos de Carhu\u00e9 sufrieron un accidente m\u00faltiple en la ruta 33 ayer"},"content":{"rendered":"<p>El hecho se registr\u00f3 en la ma\u00f1ana del lunes entre Saavedra y Tornquist.<\/p>\n<p>Seis personas heridas fue el saldo de un choque m\u00faltiple registrado en la ma\u00f1ana del lunes en el kil\u00f3metro 92 de la Ruta Nacional 33, colisionando en primera instancia dos camionetas y luego otro veh\u00edculo que no advirti\u00f3 el choque.<\/p>\n<p>Desde Comisar\u00eda de Saavedra se inform\u00f3 oficialmente que el hecho fue protagonizado por un Fiat Palio Attractive dominio AB 525TM, conducido por Jorge Antonio Vi\u00f1as quien iba acompa\u00f1ado por Hilda Pe\u00f1aflor y Mar\u00eda Caserta; una utilitario Chevrolet Corsa Combo dominio colocado DPO 795 conducida por Antonio Chetti; y un tercer veh\u00edculo marca Honda modelo CRV I,con dominio colocado CLE 014, conducido por Ricardo Omar Lloret qui\u00e9n viajaba acompa\u00f1ado por Fabiana Marisol Lloret.<\/p>\n<p>En el lugar se hizo presente el Dr. Adri\u00e1n Montero junto con la Dra. Mayra Cavalier, a cargo de la Ayudant\u00eda Fiscal descentralizada de Saavedra, quienes impartieron las directivas de rigor y que se mantuviera el corte total de Ruta Nacional 33, hasta llegada Peritos Polic\u00eda Cient\u00edfica de Coronel Suarez al lugar.<\/p>\n<p>Los dos heridos fueron trasladados al Hospital Pig\u00fc\u00e9 donde se estableci\u00f3 que Fabiana Lloret presentaba fractura de humero en brazo derecho, en tanto que Antonio Chetti padeci\u00f3 herida contusa en el ojo derecho con fractura de orbita, politraumatismo, hipersomnia.<\/p>\n<p>Desde Defensa Civil del Distrito Saavedra se inform\u00f3 que el tr\u00e1nsito vehicular estuvo interrumpido algunas horas hasta cerca del mediod\u00eda, momento en que fue nuevamente habilitado.<\/p>\n<p>Trabajaron en el lugar Polic\u00eda y Bomberos de Saavedra como tambi\u00e9n varias ambulancias.<\/p>\n<p>Fuente: Semanario Reflejos (Pig\u00fc\u00e9), Ciudad Noticias (Saavedra) y FM De La Ciudad (Pig\u00fc\u00e9).<\/p>\n","protected":false},"excerpt":{"rendered":"<div class=\"mh-excerpt\"><p>El hecho se registr\u00f3 en la ma\u00f1ana del lunes entre Saavedra y Tornquist. Seis personas heridas fue el saldo de un choque m\u00faltiple registrado en la ma\u00f1ana del lunes en el kil\u00f3metro 92 de la Ruta Nacional 33, colisionando en primera instancia dos camionetas y luego otro veh\u00edculo que no advirti\u00f3 el choque. Desde Comisar\u00eda de Saavedra se inform\u00f3 oficialmente que el hecho fue protagonizado por un Fiat Palio Attractive dominio AB 525TM, conducido por Jorge Antonio Vi\u00f1as quien iba acompa\u00f1ado por Hilda Pe\u00f1aflor y Mar\u00eda Caserta; una utilitario Chevrolet Corsa Combo dominio colocado DPO 795 conducida por Antonio Chetti; <a class=\"mh-excerpt-more\" href=\"http:\/\/dsrmedios.com.ar\/diario\/archivos\/6443\" title=\"Vecinos de Carhu\u00e9 sufrieron un accidente m\u00faltiple en la ruta 33 ayer\">[Leer m\u00e1s]<\/a><\/p>\n<\/div>","protected":false},"author":5,"featured_media":6444,"comment_status":"open","ping_status":"closed","sticky":false,"template":"","format":"standard","meta":{"_jetpack_newsletter_access":""},"categories":[18,31],"tags":[],"jetpack_featured_media_url":"http:\/\/dsrmedios.com.ar\/diario\/wp-content\/uploads\/2018\/06\/cho.jpg","jetpack_sharing_enabled":true,"jetpack_shortlink":"https:\/\/wp.me\/p9fihK-1FV","_links":{"self":[{"href":"http:\/\/dsrmedios.com.ar\/diario\/wp-json\/wp\/v2\/posts\/6443"}],"collection":[{"href":"http:\/\/dsrmedios.com.ar\/diario\/wp-json\/wp\/v2\/posts"}],"about":[{"href":"http:\/\/dsrmedios.com.ar\/diario\/wp-json\/wp\/v2\/types\/post"}],"author":[{"embeddable":true,"href":"http:\/\/dsrmedios.com.ar\/diario\/wp-json\/wp\/v2\/users\/5"}],"replies":[{"embeddable":true,"href":"http:\/\/dsrmedios.com.ar\/diario\/wp-json\/wp\/v2\/comments?post=6443"}],"version-history":[{"count":1,"href":"http:\/\/dsrmedios.com.ar\/diario\/wp-json\/wp\/v2\/posts\/6443\/revisions"}],"predecessor-version":[{"id":6445,"href":"http:\/\/dsrmedios.com.ar\/diario\/wp-json\/wp\/v2\/posts\/6443\/revisions\/6445"}],"wp:featuredmedia":[{"embeddable":true,"href":"http:\/\/dsrmedios.com.ar\/diario\/wp-json\/wp\/v2\/media\/6444"}],"wp:attachment":[{"href":"http:\/\/dsrmedios.com.ar\/diario\/wp-json\/wp\/v2\/media?parent=6443"}],"wp:term":[{"taxonomy":"category","embeddable":true,"href":"http:\/\/dsrmedios.com.ar\/diario\/wp-json\/wp\/v2\/categories?post=6443"},{"taxonomy":"post_tag","embeddable":true,"href":"http:\/\/dsrmedios.com.ar\/diario\/wp-json\/wp\/v2\/tags?post=6443"}],"curies":[{"name":"wp","href":"https:\/\/api.w.org\/{rel}","templated":true}]}}