{"id":6428,"date":"2018-06-18T09:13:34","date_gmt":"2018-06-18T12:13:34","guid":{"rendered":"http:\/\/dsrmedios.com.ar\/diario\/?p=6428"},"modified":"2018-06-18T09:13:34","modified_gmt":"2018-06-18T12:13:34","slug":"piden-a-la-gobernadora-que-aparte-a-un-funcionario-acusado-de-corrupcion","status":"publish","type":"post","link":"http:\/\/dsrmedios.com.ar\/diario\/archivos\/6428","title":{"rendered":"Piden a la Gobernadora que aparte a un funcionario acusado de corrupci\u00f3n"},"content":{"rendered":"<p>La filtraci\u00f3n de un audio dej\u00f3 a Mateo Nicholson, un funcionario del Ministerio de Educaci\u00f3n de la Provincia. el Director de Infraestructura Escolar (DPIE) bajo sospecha tras querer \u201cinventar\u201d y \u201ctirar para arriba\u201d presupuestos millonarios para la licitaci\u00f3n de obras destinadas a las escuelas bonaerenses. Por eso, el bloque de legisladores del Frente Renovador bonaerense le solicit\u00f3 a la gobernadora Mar\u00eda Eugenia Vidal el apartamiento inmediato del funcionario del \u00e1rea educativa. \u201cQueremos saber c\u00f3mo actuar\u00e1 Vidal ante el primer hecho de corrupci\u00f3n comprobado en su gobierno\u201d, apuntaron.<\/p>\n<p>El bloque de Sergio Massa presentar\u00e1 este lunes un pedido de informes exhaustivo en ambas c\u00e1maras parlamentarias para determinar si realmente se hizo una denuncia penal por presunto delito de acci\u00f3n p\u00fablica y, de ser as\u00ed, se enuncie en qu\u00e9 Fiscal\u00eda se radic\u00f3, cu\u00e1l es el n\u00famero de I.P.P, que se remita una copia de la misma, si se ha iniciado sumario administrativo, si se dispuso el apartamiento preventivo de los agentes involucrados, y cu\u00e1l es el n\u00famero del sumario administrativo.<\/p>\n<p>Asimismo, los presidentes de los bloques, Jos\u00e9 Luis Pallares y Rub\u00e9n Eslaiman adelantaron que solicitar\u00e1n la interpelaci\u00f3n del Director General de Educaci\u00f3n bonaerense, Gabriel S\u00e1nchez Zinny, para que explique lo que es el primer hecho de corrupci\u00f3n de la gesti\u00f3n de Vidal, ya que \u201cnadie podr\u00e1 negar que la voz es la del funcionario implicado, Mateo Nicholson\u201d.<\/p>\n<p>Por su parte, el vicepresidente de la comisi\u00f3n de Educaci\u00f3n, Pablo Garate, cuestion\u00f3 en duros t\u00e9rminos la pol\u00edtica educativa del gobierno actual: \u201cCasualmente el \u00e1rea de infraestructura escolar es el lugar donde m\u00e1s d\u00e9ficit tiene la provincia de Buenos Aires, que no viene solamente de esta gesti\u00f3n, sino desde la \u00e9poca de Scioli, y me pongo en la piel de los directores de escuelas y de las cooperadoras que tienen que ver que un funcionario inventa gastos y sus escuelas se caen a pedazos. Eso nos obliga a investigar esta situaci\u00f3n y a repudiar esta grave acusaci\u00f3n y llevarlas hasta las \u00faltimas consecuencias\u201d.<\/p>\n<p>En ese sentido, Rub\u00e9n Eslaiman, continu\u00f3 con las cr\u00edticas y dijo que \u201cla pol\u00edtica educativa de este gobierno es igual a la anterior: cierre de escuelas, achique de cursos en escuelas rurales y baja inversi\u00f3n escolar. Mientras tanto, tenemos un funcionario que est\u00e1 pensando en inflar un presupuesto para conseguir dinero\u201d.<\/p>\n<p>Jos\u00e9 Luis Pallares, es el titular del bloque en Senadores, y sostuvo: \u201cSi esto es efectivamente real, ser\u00e1 con seguridad el comienzo del fin de este nuevo relato que es Cambiemos, ahora no solo a nivel nacional sino tambi\u00e9n provincial\u201d.<\/p>\n<p>fuente www.Infocielo.com<\/p>\n","protected":false},"excerpt":{"rendered":"<div class=\"mh-excerpt\"><p>La filtraci\u00f3n de un audio dej\u00f3 a Mateo Nicholson, un funcionario del Ministerio de Educaci\u00f3n de la Provincia. el Director de Infraestructura Escolar (DPIE) bajo sospecha tras querer \u201cinventar\u201d y \u201ctirar para arriba\u201d presupuestos millonarios para la licitaci\u00f3n de obras destinadas a las escuelas bonaerenses. Por eso, el bloque de legisladores del Frente Renovador bonaerense le solicit\u00f3 a la gobernadora Mar\u00eda Eugenia Vidal el apartamiento inmediato del funcionario del \u00e1rea educativa. \u201cQueremos saber c\u00f3mo actuar\u00e1 Vidal ante el primer hecho de corrupci\u00f3n comprobado en su gobierno\u201d, apuntaron. El bloque de Sergio Massa presentar\u00e1 este lunes un pedido de informes exhaustivo <a class=\"mh-excerpt-more\" href=\"http:\/\/dsrmedios.com.ar\/diario\/archivos\/6428\" title=\"Piden a la Gobernadora que aparte a un funcionario acusado de corrupci\u00f3n\">[Leer m\u00e1s]<\/a><\/p>\n<\/div>","protected":false},"author":5,"featured_media":6429,"comment_status":"open","ping_status":"closed","sticky":false,"template":"","format":"standard","meta":{"_jetpack_newsletter_access":""},"categories":[18,7],"tags":[],"jetpack_featured_media_url":"http:\/\/dsrmedios.com.ar\/diario\/wp-content\/uploads\/2018\/06\/corrupto.jpeg","jetpack_sharing_enabled":true,"jetpack_shortlink":"https:\/\/wp.me\/p9fihK-1FG","_links":{"self":[{"href":"http:\/\/dsrmedios.com.ar\/diario\/wp-json\/wp\/v2\/posts\/6428"}],"collection":[{"href":"http:\/\/dsrmedios.com.ar\/diario\/wp-json\/wp\/v2\/posts"}],"about":[{"href":"http:\/\/dsrmedios.com.ar\/diario\/wp-json\/wp\/v2\/types\/post"}],"author":[{"embeddable":true,"href":"http:\/\/dsrmedios.com.ar\/diario\/wp-json\/wp\/v2\/users\/5"}],"replies":[{"embeddable":true,"href":"http:\/\/dsrmedios.com.ar\/diario\/wp-json\/wp\/v2\/comments?post=6428"}],"version-history":[{"count":1,"href":"http:\/\/dsrmedios.com.ar\/diario\/wp-json\/wp\/v2\/posts\/6428\/revisions"}],"predecessor-version":[{"id":6430,"href":"http:\/\/dsrmedios.com.ar\/diario\/wp-json\/wp\/v2\/posts\/6428\/revisions\/6430"}],"wp:featuredmedia":[{"embeddable":true,"href":"http:\/\/dsrmedios.com.ar\/diario\/wp-json\/wp\/v2\/media\/6429"}],"wp:attachment":[{"href":"http:\/\/dsrmedios.com.ar\/diario\/wp-json\/wp\/v2\/media?parent=6428"}],"wp:term":[{"taxonomy":"category","embeddable":true,"href":"http:\/\/dsrmedios.com.ar\/diario\/wp-json\/wp\/v2\/categories?post=6428"},{"taxonomy":"post_tag","embeddable":true,"href":"http:\/\/dsrmedios.com.ar\/diario\/wp-json\/wp\/v2\/tags?post=6428"}],"curies":[{"name":"wp","href":"https:\/\/api.w.org\/{rel}","templated":true}]}}