{"id":6426,"date":"2018-06-18T09:11:23","date_gmt":"2018-06-18T12:11:23","guid":{"rendered":"http:\/\/dsrmedios.com.ar\/diario\/?p=6426"},"modified":"2018-06-18T09:11:23","modified_gmt":"2018-06-18T12:11:23","slug":"el-presidente-macri-confirmo-el-rumbo-economico-y-los-cambios-ministeriales","status":"publish","type":"post","link":"http:\/\/dsrmedios.com.ar\/diario\/archivos\/6426","title":{"rendered":"El Presidente Macri confirm\u00f3 el rumbo econ\u00f3mico y los cambios ministeriales"},"content":{"rendered":"<p>El presidente, Mauricio Macri, habl\u00f3 sobre el rumbo econ\u00f3mico del pa\u00eds en el marco de las pol\u00edticas que aplic\u00f3 y tambi\u00e9n sobre los cambios en los ministerios de Producci\u00f3n y Energ\u00eda. Al margen de reconocer que no puede bajar la inflaci\u00f3n, reafirm\u00f3 la orientaci\u00f3n que golpea el bolsillo de la poblaci\u00f3n.<\/p>\n<p>A trav\u00e9s de una entrevista concedida a Canal 13, el mandatario se\u00f1al\u00f3 que el plan para bajar la inflaci\u00f3n &#8220;fracas\u00f3&#8221; porque los aumentos de tarifas impactaron m\u00e1s, el combustible aument\u00f3 en d\u00f3lares y algunos fen\u00f3menos externos &#8220;nos pegaron en el medio&#8221;. Entonces expres\u00f3 que fue un error haber fijado metas de suba de precios: &#8220;S\u00ed. Fue un exceso. Fue una convicci\u00f3n del ministro de Hacienda. Nadie lo ped\u00eda&#8221;.<\/p>\n<p>&#8220;Nosotros necesit\u00e1bamos un camino descendente de la inflaci\u00f3n, pero nadie toma conciencia de lo que es reconstruir el cuadro tarifario de todos los servicios p\u00fablicos y el peso que tiene en la inflaci\u00f3n. Esas tarifas nos dejaban sin energ\u00eda y nos estaban llevando a Venezuela, a un apag\u00f3n, sin agua. Cada vez m\u00e1s r\u00e1pido&#8221;, a\u00f1adi\u00f3.<\/p>\n<p>En cuanto a las salidas de Juan Jos\u00e9 Aranguren y Francisco Cabrera de los Ministerios de Energ\u00eda y Producci\u00f3n, respectivamente, manifest\u00f3 que est\u00e1 agradecido a ambos ex funcionarios y explic\u00f3 que estaban &#8220;desgastados&#8221;.<\/p>\n<p>&#8220;Son para mejorar. Hay momentos en los que se cumple un ciclo y las personas se desgastan m\u00e1s all\u00e1 del trabajo maravilloso que hicieron&#8221;, dijo.<\/p>\n<p>M\u00e1s adelante, asegur\u00f3 que \u201cestamos buscando un equilibrio entre lo que le duele a la gente y la necesidad en que cada uno asuma su tema. La energ\u00eda cuesta y la tenemos que importar. Cada pico de fr\u00edo se le va a cortar a f\u00e1bricas. No tenemos energ\u00eda porque hay muchos que en invierno est\u00e1n en su casa y consumen de m\u00e1s&#8221;.<\/p>\n<p>Sobre la marcha de la pol\u00edtica econ\u00f3mica de su gesti\u00f3n tras recurrir al FMI, Macri sostuvo que &#8220;el gradualismo es el camino para cuidar a los m\u00e1s vulnerables&#8221;, pero que &#8220;ahora vamos por menos gradualismo porque deterioramos la confianza del mundo&#8221;.<\/p>\n<p>&#8220;Estos golpes nos hacen dudar, pero no vamos a cambiar. El a\u00f1o que viene ustedes decidir\u00e1n. Les pido que por m\u00e1s que les duela, que esa angustia no los hagan cambiar. No estoy ac\u00e1 por la plata ni por el poder. Estoy ac\u00e1 de coraz\u00f3n para dar pero necesito que cada uno haga su parte&#8221;, finaliz\u00f3.<\/p>\n<p>fuente:www.infocielo.com<\/p>\n","protected":false},"excerpt":{"rendered":"<div class=\"mh-excerpt\"><p>El presidente, Mauricio Macri, habl\u00f3 sobre el rumbo econ\u00f3mico del pa\u00eds en el marco de las pol\u00edticas que aplic\u00f3 y tambi\u00e9n sobre los cambios en los ministerios de Producci\u00f3n y Energ\u00eda. Al margen de reconocer que no puede bajar la inflaci\u00f3n, reafirm\u00f3 la orientaci\u00f3n que golpea el bolsillo de la poblaci\u00f3n. A trav\u00e9s de una entrevista concedida a Canal 13, el mandatario se\u00f1al\u00f3 que el plan para bajar la inflaci\u00f3n &#8220;fracas\u00f3&#8221; porque los aumentos de tarifas impactaron m\u00e1s, el combustible aument\u00f3 en d\u00f3lares y algunos fen\u00f3menos externos &#8220;nos pegaron en el medio&#8221;. Entonces expres\u00f3 que fue un error haber fijado <a class=\"mh-excerpt-more\" href=\"http:\/\/dsrmedios.com.ar\/diario\/archivos\/6426\" title=\"El Presidente Macri confirm\u00f3 el rumbo econ\u00f3mico y los cambios ministeriales\">[Leer m\u00e1s]<\/a><\/p>\n<\/div>","protected":false},"author":5,"featured_media":3454,"comment_status":"open","ping_status":"closed","sticky":false,"template":"","format":"standard","meta":{"_jetpack_newsletter_access":""},"categories":[18,6],"tags":[],"jetpack_featured_media_url":"http:\/\/dsrmedios.com.ar\/diario\/wp-content\/uploads\/2018\/01\/macri1.jpg","jetpack_sharing_enabled":true,"jetpack_shortlink":"https:\/\/wp.me\/p9fihK-1FE","_links":{"self":[{"href":"http:\/\/dsrmedios.com.ar\/diario\/wp-json\/wp\/v2\/posts\/6426"}],"collection":[{"href":"http:\/\/dsrmedios.com.ar\/diario\/wp-json\/wp\/v2\/posts"}],"about":[{"href":"http:\/\/dsrmedios.com.ar\/diario\/wp-json\/wp\/v2\/types\/post"}],"author":[{"embeddable":true,"href":"http:\/\/dsrmedios.com.ar\/diario\/wp-json\/wp\/v2\/users\/5"}],"replies":[{"embeddable":true,"href":"http:\/\/dsrmedios.com.ar\/diario\/wp-json\/wp\/v2\/comments?post=6426"}],"version-history":[{"count":1,"href":"http:\/\/dsrmedios.com.ar\/diario\/wp-json\/wp\/v2\/posts\/6426\/revisions"}],"predecessor-version":[{"id":6427,"href":"http:\/\/dsrmedios.com.ar\/diario\/wp-json\/wp\/v2\/posts\/6426\/revisions\/6427"}],"wp:featuredmedia":[{"embeddable":true,"href":"http:\/\/dsrmedios.com.ar\/diario\/wp-json\/wp\/v2\/media\/3454"}],"wp:attachment":[{"href":"http:\/\/dsrmedios.com.ar\/diario\/wp-json\/wp\/v2\/media?parent=6426"}],"wp:term":[{"taxonomy":"category","embeddable":true,"href":"http:\/\/dsrmedios.com.ar\/diario\/wp-json\/wp\/v2\/categories?post=6426"},{"taxonomy":"post_tag","embeddable":true,"href":"http:\/\/dsrmedios.com.ar\/diario\/wp-json\/wp\/v2\/tags?post=6426"}],"curies":[{"name":"wp","href":"https:\/\/api.w.org\/{rel}","templated":true}]}}