{"id":6417,"date":"2018-06-15T09:50:30","date_gmt":"2018-06-15T12:50:30","guid":{"rendered":"http:\/\/dsrmedios.com.ar\/diario\/?p=6417"},"modified":"2018-06-15T09:50:30","modified_gmt":"2018-06-15T12:50:30","slug":"sierra-de-la-ventana-recibe-las-primeras-nevadas-de-este-ano","status":"publish","type":"post","link":"http:\/\/dsrmedios.com.ar\/diario\/archivos\/6417","title":{"rendered":"Sierra de la Ventana recibe las primeras nevadas de este a\u00f1o"},"content":{"rendered":"<p>Tras la ola polar que en los \u00faltimos d\u00edas cubri\u00f3 gran parte del territorio nacional y lleg\u00f3 hasta pa\u00edses lim\u00edtrofes con temperaturas bajo cero y grandes nevadas, Sierra de la Ventana no fue la excepci\u00f3n, pese a que a\u00fan faltan algunos d\u00edas para el comienzo del invierno.<\/p>\n<p>Si bien en las localidades de la zona serrana el term\u00f3metro no baj\u00f3 del grado bajo cero, las precipitaciones registradas sierras arriba se manifestaron en nevadas, tal fue el caso del Cerro Tres Picos.<\/p>\n<p>Se espera que el fen\u00f3meno se repita en los proximos d\u00edas.<\/p>\n<p>fuente:www.labrujula24.com<\/p>\n","protected":false},"excerpt":{"rendered":"<div class=\"mh-excerpt\"><p>Tras la ola polar que en los \u00faltimos d\u00edas cubri\u00f3 gran parte del territorio nacional y lleg\u00f3 hasta pa\u00edses lim\u00edtrofes con temperaturas bajo cero y grandes nevadas, Sierra de la Ventana no fue la excepci\u00f3n, pese a que a\u00fan faltan algunos d\u00edas para el comienzo del invierno. Si bien en las localidades de la zona serrana el term\u00f3metro no baj\u00f3 del grado bajo cero, las precipitaciones registradas sierras arriba se manifestaron en nevadas, tal fue el caso del Cerro Tres Picos. Se espera que el fen\u00f3meno se repita en los proximos d\u00edas. fuente:www.labrujula24.com<\/p>\n<\/div>","protected":false},"author":5,"featured_media":6418,"comment_status":"open","ping_status":"closed","sticky":false,"template":"","format":"standard","meta":{"_jetpack_newsletter_access":""},"categories":[18,31],"tags":[],"jetpack_featured_media_url":"http:\/\/dsrmedios.com.ar\/diario\/wp-content\/uploads\/2018\/06\/nieve.jpeg","jetpack_sharing_enabled":true,"jetpack_shortlink":"https:\/\/wp.me\/p9fihK-1Fv","_links":{"self":[{"href":"http:\/\/dsrmedios.com.ar\/diario\/wp-json\/wp\/v2\/posts\/6417"}],"collection":[{"href":"http:\/\/dsrmedios.com.ar\/diario\/wp-json\/wp\/v2\/posts"}],"about":[{"href":"http:\/\/dsrmedios.com.ar\/diario\/wp-json\/wp\/v2\/types\/post"}],"author":[{"embeddable":true,"href":"http:\/\/dsrmedios.com.ar\/diario\/wp-json\/wp\/v2\/users\/5"}],"replies":[{"embeddable":true,"href":"http:\/\/dsrmedios.com.ar\/diario\/wp-json\/wp\/v2\/comments?post=6417"}],"version-history":[{"count":1,"href":"http:\/\/dsrmedios.com.ar\/diario\/wp-json\/wp\/v2\/posts\/6417\/revisions"}],"predecessor-version":[{"id":6419,"href":"http:\/\/dsrmedios.com.ar\/diario\/wp-json\/wp\/v2\/posts\/6417\/revisions\/6419"}],"wp:featuredmedia":[{"embeddable":true,"href":"http:\/\/dsrmedios.com.ar\/diario\/wp-json\/wp\/v2\/media\/6418"}],"wp:attachment":[{"href":"http:\/\/dsrmedios.com.ar\/diario\/wp-json\/wp\/v2\/media?parent=6417"}],"wp:term":[{"taxonomy":"category","embeddable":true,"href":"http:\/\/dsrmedios.com.ar\/diario\/wp-json\/wp\/v2\/categories?post=6417"},{"taxonomy":"post_tag","embeddable":true,"href":"http:\/\/dsrmedios.com.ar\/diario\/wp-json\/wp\/v2\/tags?post=6417"}],"curies":[{"name":"wp","href":"https:\/\/api.w.org\/{rel}","templated":true}]}}