{"id":6374,"date":"2018-06-13T09:00:38","date_gmt":"2018-06-13T12:00:38","guid":{"rendered":"http:\/\/dsrmedios.com.ar\/diario\/?p=6374"},"modified":"2018-06-13T09:00:38","modified_gmt":"2018-06-13T12:00:38","slug":"la-defensoria-del-pueblo-aseguro-que-acompanara-a-la-justicia-a-usuarios-que-les-corten-el-gas","status":"publish","type":"post","link":"http:\/\/dsrmedios.com.ar\/diario\/archivos\/6374","title":{"rendered":"La Defensor\u00eda del Pueblo asegur\u00f3 que acompa\u00f1ar\u00e1 a la justicia a usuarios que les corten el gas"},"content":{"rendered":"<p>El titular de la Defensor\u00eda del Pueblo de la Provincia, Guido Lorenzino, asegur\u00f3 que\u00a0acompa\u00f1ar\u00e1n en la justicia a los usuarios que les hayan cortado el gas por falta de pago si las empresas se niegan a reconectarles el servicio.<\/p>\n<p>Al respecto, se\u00f1al\u00f3 que \u201cla medida tiene que ver con respetar el fallo de la Justicia Federal que proh\u00edbe los cortes por 90 d\u00edas, y posibilitar que las familias, golpeadas por los fuertes aumentos, puedan tener garantizado este servicio indispensable para una vida digna&#8221;.<\/p>\n<p>Entonces explic\u00f3 que se encuentra a disposici\u00f3n en la p\u00e1gina web\u00a0<a href=\"https:\/\/defensorba.org.ar\/\">defensorba.org.ar<\/a>\u00a0un modelo de nota con la que las personas a las que les cortaron el gas pueden reclamarles a las empresas para exigir la reconexi\u00f3n. La presentaci\u00f3n debe ser acompa\u00f1ada con documentaci\u00f3n que demuestre que atraviesan una situaci\u00f3n de vulnerabilidad econ\u00f3mica que les impide abonar las facturas.<\/p>\n<p>M\u00e1s adelante, Lorenzino se\u00f1al\u00f3 que \u201csi luego de 24 horas de iniciada esta gesti\u00f3n las firmas no proceden a la reconexi\u00f3n, acompa\u00f1aremos a los usuarios ante la Justicia para continuar con el reclamo, y exigir que tanto a quienes no les alcanza el sueldo, los adultos mayores o las personas con discapacidad, por ejemplo, se les garantice el acceso a este servicio p\u00fablico esencial\u201d.<\/p>\n<p>Fuente:www.infocielo.com<\/p>\n","protected":false},"excerpt":{"rendered":"<div class=\"mh-excerpt\"><p>El titular de la Defensor\u00eda del Pueblo de la Provincia, Guido Lorenzino, asegur\u00f3 que\u00a0acompa\u00f1ar\u00e1n en la justicia a los usuarios que les hayan cortado el gas por falta de pago si las empresas se niegan a reconectarles el servicio. Al respecto, se\u00f1al\u00f3 que \u201cla medida tiene que ver con respetar el fallo de la Justicia Federal que proh\u00edbe los cortes por 90 d\u00edas, y posibilitar que las familias, golpeadas por los fuertes aumentos, puedan tener garantizado este servicio indispensable para una vida digna&#8221;. Entonces explic\u00f3 que se encuentra a disposici\u00f3n en la p\u00e1gina web\u00a0defensorba.org.ar\u00a0un modelo de nota con la que <a class=\"mh-excerpt-more\" href=\"http:\/\/dsrmedios.com.ar\/diario\/archivos\/6374\" title=\"La Defensor\u00eda del Pueblo asegur\u00f3 que acompa\u00f1ar\u00e1 a la justicia a usuarios que les corten el gas\">[Leer m\u00e1s]<\/a><\/p>\n<\/div>","protected":false},"author":5,"featured_media":4714,"comment_status":"open","ping_status":"closed","sticky":false,"template":"","format":"standard","meta":{"_jetpack_newsletter_access":""},"categories":[18,31,7],"tags":[],"jetpack_featured_media_url":"http:\/\/dsrmedios.com.ar\/diario\/wp-content\/uploads\/2018\/03\/lorenzino.jpg","jetpack_sharing_enabled":true,"jetpack_shortlink":"https:\/\/wp.me\/p9fihK-1EO","_links":{"self":[{"href":"http:\/\/dsrmedios.com.ar\/diario\/wp-json\/wp\/v2\/posts\/6374"}],"collection":[{"href":"http:\/\/dsrmedios.com.ar\/diario\/wp-json\/wp\/v2\/posts"}],"about":[{"href":"http:\/\/dsrmedios.com.ar\/diario\/wp-json\/wp\/v2\/types\/post"}],"author":[{"embeddable":true,"href":"http:\/\/dsrmedios.com.ar\/diario\/wp-json\/wp\/v2\/users\/5"}],"replies":[{"embeddable":true,"href":"http:\/\/dsrmedios.com.ar\/diario\/wp-json\/wp\/v2\/comments?post=6374"}],"version-history":[{"count":1,"href":"http:\/\/dsrmedios.com.ar\/diario\/wp-json\/wp\/v2\/posts\/6374\/revisions"}],"predecessor-version":[{"id":6375,"href":"http:\/\/dsrmedios.com.ar\/diario\/wp-json\/wp\/v2\/posts\/6374\/revisions\/6375"}],"wp:featuredmedia":[{"embeddable":true,"href":"http:\/\/dsrmedios.com.ar\/diario\/wp-json\/wp\/v2\/media\/4714"}],"wp:attachment":[{"href":"http:\/\/dsrmedios.com.ar\/diario\/wp-json\/wp\/v2\/media?parent=6374"}],"wp:term":[{"taxonomy":"category","embeddable":true,"href":"http:\/\/dsrmedios.com.ar\/diario\/wp-json\/wp\/v2\/categories?post=6374"},{"taxonomy":"post_tag","embeddable":true,"href":"http:\/\/dsrmedios.com.ar\/diario\/wp-json\/wp\/v2\/tags?post=6374"}],"curies":[{"name":"wp","href":"https:\/\/api.w.org\/{rel}","templated":true}]}}