{"id":6371,"date":"2018-06-13T08:54:34","date_gmt":"2018-06-13T11:54:34","guid":{"rendered":"http:\/\/dsrmedios.com.ar\/diario\/?p=6371"},"modified":"2018-06-13T08:54:34","modified_gmt":"2018-06-13T11:54:34","slug":"la-faena-bovina-llego-a-548-millones-de-cabezas-en-el-mes-de-mayo","status":"publish","type":"post","link":"http:\/\/dsrmedios.com.ar\/diario\/archivos\/6371","title":{"rendered":"La faena Bovina lleg\u00f3 a 5,48 millones de cabezas en el mes de mayo"},"content":{"rendered":"<p>\u201cSeguimos con un ritmo de faena superior al a\u00f1o pasado\u201d reconoci\u00f3 Miguel Schiariti, presidente de la entidad. En este contexto, existe una situaci\u00f3n que preocupa a esta cadena de valor, que es alto porcentaje de hembras en la faena total. En este periodo, desde CICCRA relevaron que la participaci\u00f3n alcanz\u00f3 el 44,7%.<\/p>\n<p>De esta manera, Schiariti se\u00f1al\u00f3 que la elevada participaci\u00f3n de hembras que se registraba en este rubro fue a causa de la sequ\u00eda. \u201cHace un a\u00f1o que el sector dej\u00f3 atr\u00e1s la intensa fase de retenci\u00f3n de vientres que se extendi\u00f3 entre comienzos de 2015 y comienzos de 2017, para ubicarse en una situaci\u00f3n intermedia\u201d, destac\u00f3.<\/p>\n<p>En el per\u00edodo enero-mayo de 2018, CICCCRA inform\u00f3 que se faenaron 5,48 millones de cabezas, en donde un 19,2% se concentr\u00f3 en los diez principales establecimientos. Por su parte, la producci\u00f3n en enero\/mayo 2018 alcanz\u00f3 las 1,24 millones de toneladas res con hueso, que representan un incremento del 9,9% en relaci\u00f3n a los primeros cinco meses de 2017. \u201cEn el acumulado del a\u00f1o se habr\u00edan exportado 168,9 millones de toneladas de carne vacuna, lo que implicar\u00eda una recuperaci\u00f3n de 65,1% anual\u201d, sostuvo Schiariti.<\/p>\n<p>fuente:www.infocielo.com<\/p>\n","protected":false},"excerpt":{"rendered":"<div class=\"mh-excerpt\"><p>\u201cSeguimos con un ritmo de faena superior al a\u00f1o pasado\u201d reconoci\u00f3 Miguel Schiariti, presidente de la entidad. En este contexto, existe una situaci\u00f3n que preocupa a esta cadena de valor, que es alto porcentaje de hembras en la faena total. En este periodo, desde CICCRA relevaron que la participaci\u00f3n alcanz\u00f3 el 44,7%. De esta manera, Schiariti se\u00f1al\u00f3 que la elevada participaci\u00f3n de hembras que se registraba en este rubro fue a causa de la sequ\u00eda. \u201cHace un a\u00f1o que el sector dej\u00f3 atr\u00e1s la intensa fase de retenci\u00f3n de vientres que se extendi\u00f3 entre comienzos de 2015 y comienzos de <a class=\"mh-excerpt-more\" href=\"http:\/\/dsrmedios.com.ar\/diario\/archivos\/6371\" title=\"La faena Bovina lleg\u00f3 a 5,48 millones de cabezas en el mes de mayo\">[Leer m\u00e1s]<\/a><\/p>\n<\/div>","protected":false},"author":5,"featured_media":6372,"comment_status":"open","ping_status":"closed","sticky":false,"template":"","format":"standard","meta":{"_jetpack_newsletter_access":""},"categories":[18,6],"tags":[],"jetpack_featured_media_url":"http:\/\/dsrmedios.com.ar\/diario\/wp-content\/uploads\/2018\/06\/faena-bovina.jpg","jetpack_sharing_enabled":true,"jetpack_shortlink":"https:\/\/wp.me\/p9fihK-1EL","_links":{"self":[{"href":"http:\/\/dsrmedios.com.ar\/diario\/wp-json\/wp\/v2\/posts\/6371"}],"collection":[{"href":"http:\/\/dsrmedios.com.ar\/diario\/wp-json\/wp\/v2\/posts"}],"about":[{"href":"http:\/\/dsrmedios.com.ar\/diario\/wp-json\/wp\/v2\/types\/post"}],"author":[{"embeddable":true,"href":"http:\/\/dsrmedios.com.ar\/diario\/wp-json\/wp\/v2\/users\/5"}],"replies":[{"embeddable":true,"href":"http:\/\/dsrmedios.com.ar\/diario\/wp-json\/wp\/v2\/comments?post=6371"}],"version-history":[{"count":1,"href":"http:\/\/dsrmedios.com.ar\/diario\/wp-json\/wp\/v2\/posts\/6371\/revisions"}],"predecessor-version":[{"id":6373,"href":"http:\/\/dsrmedios.com.ar\/diario\/wp-json\/wp\/v2\/posts\/6371\/revisions\/6373"}],"wp:featuredmedia":[{"embeddable":true,"href":"http:\/\/dsrmedios.com.ar\/diario\/wp-json\/wp\/v2\/media\/6372"}],"wp:attachment":[{"href":"http:\/\/dsrmedios.com.ar\/diario\/wp-json\/wp\/v2\/media?parent=6371"}],"wp:term":[{"taxonomy":"category","embeddable":true,"href":"http:\/\/dsrmedios.com.ar\/diario\/wp-json\/wp\/v2\/categories?post=6371"},{"taxonomy":"post_tag","embeddable":true,"href":"http:\/\/dsrmedios.com.ar\/diario\/wp-json\/wp\/v2\/tags?post=6371"}],"curies":[{"name":"wp","href":"https:\/\/api.w.org\/{rel}","templated":true}]}}