{"id":6368,"date":"2018-06-13T08:50:12","date_gmt":"2018-06-13T11:50:12","guid":{"rendered":"http:\/\/dsrmedios.com.ar\/diario\/?p=6368"},"modified":"2018-06-13T08:50:12","modified_gmt":"2018-06-13T11:50:12","slug":"provincia-y-nacion-lanzaron-programa-de-formacion-para-docentes-de-educacion-tecnica","status":"publish","type":"post","link":"http:\/\/dsrmedios.com.ar\/diario\/archivos\/6368","title":{"rendered":"Provincia y Naci\u00f3n lanzaron programa de formaci\u00f3n para docentes de Educaci\u00f3n T\u00e9cnica"},"content":{"rendered":"<p>El vicegobernador bonaerense, Daniel Salvador, junto al secretario de Gesti\u00f3n Educativa de la Naci\u00f3n, Manuel Vidal, lanzaron \u201cEn FoCo ETP\u201d, el primer programa de formaci\u00f3n continua para docentes de Educaci\u00f3n T\u00e9cnico Profesional del pa\u00eds.<\/p>\n<p>Participaron de la apertura el director General de Cultura y Educaci\u00f3n de la Provincia, Gabriel S\u00e1nchez Zinny, y el director ejecutivo del INET, Leandro Goroyesky.<\/p>\n<p>Sobre el programa \u201cEn FoCo ETP\u201d, Salvador expres\u00f3 que\u00a0 \u201cel gran desaf\u00edo es fortalecer la calidad educativa y la formaci\u00f3n integral en las escuelas t\u00e9cnicas\u201d. Y subray\u00f3 que \u201ctener una capacitaci\u00f3n continua es una parte fundamental para los logros de un pa\u00eds y una provincia de pie y en marcha\u201d.<\/p>\n<p>En ese contexto, S\u00e1nchez Zinny destac\u00f3 la calidad del programa: \u201cEs una oferta especializada, f\u00e1cil de usar, con las herramientas m\u00e1s modernas de formaci\u00f3n continua que nos ofrece la Naci\u00f3n\u201d. Y alent\u00f3 a los docentes a inscribirse y\u00a0 continuar capacit\u00e1ndose.<\/p>\n<p>Fuente:www.aninoticias.com<\/p>\n","protected":false},"excerpt":{"rendered":"<div class=\"mh-excerpt\"><p>El vicegobernador bonaerense, Daniel Salvador, junto al secretario de Gesti\u00f3n Educativa de la Naci\u00f3n, Manuel Vidal, lanzaron \u201cEn FoCo ETP\u201d, el primer programa de formaci\u00f3n continua para docentes de Educaci\u00f3n T\u00e9cnico Profesional del pa\u00eds. Participaron de la apertura el director General de Cultura y Educaci\u00f3n de la Provincia, Gabriel S\u00e1nchez Zinny, y el director ejecutivo del INET, Leandro Goroyesky. Sobre el programa \u201cEn FoCo ETP\u201d, Salvador expres\u00f3 que\u00a0 \u201cel gran desaf\u00edo es fortalecer la calidad educativa y la formaci\u00f3n integral en las escuelas t\u00e9cnicas\u201d. Y subray\u00f3 que \u201ctener una capacitaci\u00f3n continua es una parte fundamental para los logros de un <a class=\"mh-excerpt-more\" href=\"http:\/\/dsrmedios.com.ar\/diario\/archivos\/6368\" title=\"Provincia y Naci\u00f3n lanzaron programa de formaci\u00f3n para docentes de Educaci\u00f3n T\u00e9cnica\">[Leer m\u00e1s]<\/a><\/p>\n<\/div>","protected":false},"author":5,"featured_media":6369,"comment_status":"open","ping_status":"closed","sticky":false,"template":"","format":"standard","meta":{"_jetpack_newsletter_access":""},"categories":[18,6],"tags":[],"jetpack_featured_media_url":"http:\/\/dsrmedios.com.ar\/diario\/wp-content\/uploads\/2018\/06\/salvador_7.jpg","jetpack_sharing_enabled":true,"jetpack_shortlink":"https:\/\/wp.me\/p9fihK-1EI","_links":{"self":[{"href":"http:\/\/dsrmedios.com.ar\/diario\/wp-json\/wp\/v2\/posts\/6368"}],"collection":[{"href":"http:\/\/dsrmedios.com.ar\/diario\/wp-json\/wp\/v2\/posts"}],"about":[{"href":"http:\/\/dsrmedios.com.ar\/diario\/wp-json\/wp\/v2\/types\/post"}],"author":[{"embeddable":true,"href":"http:\/\/dsrmedios.com.ar\/diario\/wp-json\/wp\/v2\/users\/5"}],"replies":[{"embeddable":true,"href":"http:\/\/dsrmedios.com.ar\/diario\/wp-json\/wp\/v2\/comments?post=6368"}],"version-history":[{"count":1,"href":"http:\/\/dsrmedios.com.ar\/diario\/wp-json\/wp\/v2\/posts\/6368\/revisions"}],"predecessor-version":[{"id":6370,"href":"http:\/\/dsrmedios.com.ar\/diario\/wp-json\/wp\/v2\/posts\/6368\/revisions\/6370"}],"wp:featuredmedia":[{"embeddable":true,"href":"http:\/\/dsrmedios.com.ar\/diario\/wp-json\/wp\/v2\/media\/6369"}],"wp:attachment":[{"href":"http:\/\/dsrmedios.com.ar\/diario\/wp-json\/wp\/v2\/media?parent=6368"}],"wp:term":[{"taxonomy":"category","embeddable":true,"href":"http:\/\/dsrmedios.com.ar\/diario\/wp-json\/wp\/v2\/categories?post=6368"},{"taxonomy":"post_tag","embeddable":true,"href":"http:\/\/dsrmedios.com.ar\/diario\/wp-json\/wp\/v2\/tags?post=6368"}],"curies":[{"name":"wp","href":"https:\/\/api.w.org\/{rel}","templated":true}]}}