{"id":6315,"date":"2018-06-12T07:07:24","date_gmt":"2018-06-12T10:07:24","guid":{"rendered":"http:\/\/dsrmedios.com.ar\/diario\/?p=6315"},"modified":"2018-06-11T17:46:17","modified_gmt":"2018-06-11T20:46:17","slug":"ya-esta-terminado-el-proyecto-de-restauracion-del-palacio-municipal-de-adolfo-alsina","status":"publish","type":"post","link":"http:\/\/dsrmedios.com.ar\/diario\/archivos\/6315","title":{"rendered":"Ya est\u00e1 terminado el proyecto de restauraci\u00f3n del palacio Municipal de Adolfo Alsina"},"content":{"rendered":"<p>El Intendente David Hirtz se reuni\u00f3 con con Adri\u00e1n Lamotta, Director Ejecutivo del Ministerio de Infraestructura de la Provincia quien le entreg\u00f3 el proyecto de restauraci\u00f3n del Palacio Municipal .<br \/>\nEste constituye un importante primer paso y ahora requerir\u00e1 trabajar en la b\u00fasqueda de financiamiento para poder llevarlo adelante.<br \/>\nHirtz asegur\u00f3 que &#8220;Tambi\u00e9n le record\u00e9 la importancia que tiene para nosotros que encuentren mecanismos para proceder a la reparaci\u00f3n del Cristo&#8221; . Una gesti\u00f3n en la que el Intendente trabaja ante la Direcci\u00f3n de Arquitectura de la Provincia y que requiere \u201cencontrar los medios y la empresa que est\u00e9 en capacidad de poder restaurarlo por tratarse de una obra que es patrimonio arquitect\u00f3nico.\u201d<\/p>\n","protected":false},"excerpt":{"rendered":"<div class=\"mh-excerpt\"><p>El Intendente David Hirtz se reuni\u00f3 con con Adri\u00e1n Lamotta, Director Ejecutivo del Ministerio de Infraestructura de la Provincia quien le entreg\u00f3 el proyecto de restauraci\u00f3n del Palacio Municipal . Este constituye un importante primer paso y ahora requerir\u00e1 trabajar en la b\u00fasqueda de financiamiento para poder llevarlo adelante. Hirtz asegur\u00f3 que &#8220;Tambi\u00e9n le record\u00e9 la importancia que tiene para nosotros que encuentren mecanismos para proceder a la reparaci\u00f3n del Cristo&#8221; . Una gesti\u00f3n en la que el Intendente trabaja ante la Direcci\u00f3n de Arquitectura de la Provincia y que requiere \u201cencontrar los medios y la empresa que est\u00e9 en <a class=\"mh-excerpt-more\" href=\"http:\/\/dsrmedios.com.ar\/diario\/archivos\/6315\" title=\"Ya est\u00e1 terminado el proyecto de restauraci\u00f3n del palacio Municipal de Adolfo Alsina\">[Leer m\u00e1s]<\/a><\/p>\n<\/div>","protected":false},"author":5,"featured_media":3311,"comment_status":"open","ping_status":"closed","sticky":false,"template":"","format":"standard","meta":{"_jetpack_newsletter_access":""},"categories":[18,31],"tags":[],"jetpack_featured_media_url":"http:\/\/dsrmedios.com.ar\/diario\/wp-content\/uploads\/2018\/01\/municipalidad-torre67.jpg","jetpack_sharing_enabled":true,"jetpack_shortlink":"https:\/\/wp.me\/p9fihK-1DR","_links":{"self":[{"href":"http:\/\/dsrmedios.com.ar\/diario\/wp-json\/wp\/v2\/posts\/6315"}],"collection":[{"href":"http:\/\/dsrmedios.com.ar\/diario\/wp-json\/wp\/v2\/posts"}],"about":[{"href":"http:\/\/dsrmedios.com.ar\/diario\/wp-json\/wp\/v2\/types\/post"}],"author":[{"embeddable":true,"href":"http:\/\/dsrmedios.com.ar\/diario\/wp-json\/wp\/v2\/users\/5"}],"replies":[{"embeddable":true,"href":"http:\/\/dsrmedios.com.ar\/diario\/wp-json\/wp\/v2\/comments?post=6315"}],"version-history":[{"count":1,"href":"http:\/\/dsrmedios.com.ar\/diario\/wp-json\/wp\/v2\/posts\/6315\/revisions"}],"predecessor-version":[{"id":6316,"href":"http:\/\/dsrmedios.com.ar\/diario\/wp-json\/wp\/v2\/posts\/6315\/revisions\/6316"}],"wp:featuredmedia":[{"embeddable":true,"href":"http:\/\/dsrmedios.com.ar\/diario\/wp-json\/wp\/v2\/media\/3311"}],"wp:attachment":[{"href":"http:\/\/dsrmedios.com.ar\/diario\/wp-json\/wp\/v2\/media?parent=6315"}],"wp:term":[{"taxonomy":"category","embeddable":true,"href":"http:\/\/dsrmedios.com.ar\/diario\/wp-json\/wp\/v2\/categories?post=6315"},{"taxonomy":"post_tag","embeddable":true,"href":"http:\/\/dsrmedios.com.ar\/diario\/wp-json\/wp\/v2\/tags?post=6315"}],"curies":[{"name":"wp","href":"https:\/\/api.w.org\/{rel}","templated":true}]}}