{"id":6312,"date":"2018-06-12T07:06:32","date_gmt":"2018-06-12T10:06:32","guid":{"rendered":"http:\/\/dsrmedios.com.ar\/diario\/?p=6312"},"modified":"2018-06-11T17:45:07","modified_gmt":"2018-06-11T20:45:07","slug":"estrenan-un-corto-realizado-por-adultos-mayores-de-nuestro-medio","status":"publish","type":"post","link":"http:\/\/dsrmedios.com.ar\/diario\/archivos\/6312","title":{"rendered":"Estrenan un corto realizado por adultos mayores de nuestro medio"},"content":{"rendered":"<p>El s\u00e1bado se estrenar\u00e1 en el Cine Espa\u00f1ol el corto \u201cEleg\u00ed vivir\u201d realizado por el Municipio y el CPA Adolfo Alsina y protagonizado por los adultos mayores de las Mini residencias.<br \/>\nEl corto tiene por objetivo concientizar sobre la incidencia del tabaco en cardiopat\u00edas, en coincidencia con el lema \u201cEl Tabaco Rompe Corazones\u201d impulsado por la Organizaci\u00f3n Mundial de la Salud.<br \/>\nEl s\u00e1bado antes del comienzo de la pel\u00edcula \u201cLos vengadores\u201d se podr\u00e1 ver el audiovisual en el que los adultos mayores de las mini residencias municipales son los protagonistas guiados por su profesor de teatro Gustavo Caballero, representantes del municipio y del CPA<\/p>\n<p>Al cine<\/p>\n<p>Asimismo el Municipio, el CPA y la Sociedad Espa\u00f1ola se encuentran programando una salida de los adultos mayores el 20 de junio al cine para que puedan verse en pantalla grande y tambi\u00e9n disfrutar de un documental sobre Tita Merello.<\/p>\n","protected":false},"excerpt":{"rendered":"<div class=\"mh-excerpt\"><p>El s\u00e1bado se estrenar\u00e1 en el Cine Espa\u00f1ol el corto \u201cEleg\u00ed vivir\u201d realizado por el Municipio y el CPA Adolfo Alsina y protagonizado por los adultos mayores de las Mini residencias. El corto tiene por objetivo concientizar sobre la incidencia del tabaco en cardiopat\u00edas, en coincidencia con el lema \u201cEl Tabaco Rompe Corazones\u201d impulsado por la Organizaci\u00f3n Mundial de la Salud. El s\u00e1bado antes del comienzo de la pel\u00edcula \u201cLos vengadores\u201d se podr\u00e1 ver el audiovisual en el que los adultos mayores de las mini residencias municipales son los protagonistas guiados por su profesor de teatro Gustavo Caballero, representantes del <a class=\"mh-excerpt-more\" href=\"http:\/\/dsrmedios.com.ar\/diario\/archivos\/6312\" title=\"Estrenan un corto realizado por adultos mayores de nuestro medio\">[Leer m\u00e1s]<\/a><\/p>\n<\/div>","protected":false},"author":5,"featured_media":6313,"comment_status":"open","ping_status":"closed","sticky":false,"template":"","format":"standard","meta":{"_jetpack_newsletter_access":""},"categories":[18,31],"tags":[],"jetpack_featured_media_url":"http:\/\/dsrmedios.com.ar\/diario\/wp-content\/uploads\/2018\/06\/evita-casa-de-dia.jpg","jetpack_sharing_enabled":true,"jetpack_shortlink":"https:\/\/wp.me\/p9fihK-1DO","_links":{"self":[{"href":"http:\/\/dsrmedios.com.ar\/diario\/wp-json\/wp\/v2\/posts\/6312"}],"collection":[{"href":"http:\/\/dsrmedios.com.ar\/diario\/wp-json\/wp\/v2\/posts"}],"about":[{"href":"http:\/\/dsrmedios.com.ar\/diario\/wp-json\/wp\/v2\/types\/post"}],"author":[{"embeddable":true,"href":"http:\/\/dsrmedios.com.ar\/diario\/wp-json\/wp\/v2\/users\/5"}],"replies":[{"embeddable":true,"href":"http:\/\/dsrmedios.com.ar\/diario\/wp-json\/wp\/v2\/comments?post=6312"}],"version-history":[{"count":1,"href":"http:\/\/dsrmedios.com.ar\/diario\/wp-json\/wp\/v2\/posts\/6312\/revisions"}],"predecessor-version":[{"id":6314,"href":"http:\/\/dsrmedios.com.ar\/diario\/wp-json\/wp\/v2\/posts\/6312\/revisions\/6314"}],"wp:featuredmedia":[{"embeddable":true,"href":"http:\/\/dsrmedios.com.ar\/diario\/wp-json\/wp\/v2\/media\/6313"}],"wp:attachment":[{"href":"http:\/\/dsrmedios.com.ar\/diario\/wp-json\/wp\/v2\/media?parent=6312"}],"wp:term":[{"taxonomy":"category","embeddable":true,"href":"http:\/\/dsrmedios.com.ar\/diario\/wp-json\/wp\/v2\/categories?post=6312"},{"taxonomy":"post_tag","embeddable":true,"href":"http:\/\/dsrmedios.com.ar\/diario\/wp-json\/wp\/v2\/tags?post=6312"}],"curies":[{"name":"wp","href":"https:\/\/api.w.org\/{rel}","templated":true}]}}