{"id":6303,"date":"2018-06-12T07:04:41","date_gmt":"2018-06-12T10:04:41","guid":{"rendered":"http:\/\/dsrmedios.com.ar\/diario\/?p=6303"},"modified":"2018-06-11T17:29:54","modified_gmt":"2018-06-11T20:29:54","slug":"la-cupula-de-coninagro-se-reunira-con-la-gobernadora-vidal-para-tratar-sus-problematicas","status":"publish","type":"post","link":"http:\/\/dsrmedios.com.ar\/diario\/archivos\/6303","title":{"rendered":"La c\u00fapula de Coninagro se reunir\u00e1 con la Gobernadora Vidal para tratar sus problem\u00e1ticas"},"content":{"rendered":"<p>La Mesa Directiva de CONINAGRO y representantes de la provincia de Buenos Aires se reunir\u00e1n este martes con la gobernadora Mar\u00eda Eugenia Vidal, en la Casa de Gobierno bonaerense para presentarles un temario de esa organizaci\u00f3n agropecuaria.<\/p>\n<p>CONINAGRO, el temario de inter\u00e9s que entregar\u00e1n por la tarde a la mandataria, incluye: Cooperativismo; el desarrollo de la agricultura familiar; asociativismo y emprendedurismo; abordaje a trav\u00e9s del asociativismo a los mercados internaciones, los consorcios e Infraestructura, entre otros temas.<\/p>\n<p>La delegaci\u00f3n de CONINAGRO ser\u00e1 encabezada por el presidente Carlos Iannizzotto y el vicepresidente, Egidio Mailland, junto a los referentes provinciales Daniel Berdini, Ricardo Vitale y Mario Raiteri, y acompa\u00f1ados por el economista Silvina Campos Carl\u00e9s.<\/p>\n<p>\u201cConcretamos una reuni\u00f3n de vital importancia para nuestros productores bonaerenses, ya que hay temas de inter\u00e9s para abordar con la mirada en ampliar las inversiones, mejorar la producci\u00f3n y darle m\u00e1s sustentabilidad a la vida de los productores agropecuarios\u201d, indicaba el presidente de CONINAGRO, Carlos Iannizzotto.<\/p>\n","protected":false},"excerpt":{"rendered":"<div class=\"mh-excerpt\"><p>La Mesa Directiva de CONINAGRO y representantes de la provincia de Buenos Aires se reunir\u00e1n este martes con la gobernadora Mar\u00eda Eugenia Vidal, en la Casa de Gobierno bonaerense para presentarles un temario de esa organizaci\u00f3n agropecuaria. CONINAGRO, el temario de inter\u00e9s que entregar\u00e1n por la tarde a la mandataria, incluye: Cooperativismo; el desarrollo de la agricultura familiar; asociativismo y emprendedurismo; abordaje a trav\u00e9s del asociativismo a los mercados internaciones, los consorcios e Infraestructura, entre otros temas. La delegaci\u00f3n de CONINAGRO ser\u00e1 encabezada por el presidente Carlos Iannizzotto y el vicepresidente, Egidio Mailland, junto a los referentes provinciales Daniel Berdini, <a class=\"mh-excerpt-more\" href=\"http:\/\/dsrmedios.com.ar\/diario\/archivos\/6303\" title=\"La c\u00fapula de Coninagro se reunir\u00e1 con la Gobernadora Vidal para tratar sus problem\u00e1ticas\">[Leer m\u00e1s]<\/a><\/p>\n<\/div>","protected":false},"author":5,"featured_media":6304,"comment_status":"open","ping_status":"closed","sticky":false,"template":"","format":"standard","meta":{"_jetpack_newsletter_access":""},"categories":[18,7],"tags":[],"jetpack_featured_media_url":"http:\/\/dsrmedios.com.ar\/diario\/wp-content\/uploads\/2018\/06\/coninagro.png","jetpack_sharing_enabled":true,"jetpack_shortlink":"https:\/\/wp.me\/p9fihK-1DF","_links":{"self":[{"href":"http:\/\/dsrmedios.com.ar\/diario\/wp-json\/wp\/v2\/posts\/6303"}],"collection":[{"href":"http:\/\/dsrmedios.com.ar\/diario\/wp-json\/wp\/v2\/posts"}],"about":[{"href":"http:\/\/dsrmedios.com.ar\/diario\/wp-json\/wp\/v2\/types\/post"}],"author":[{"embeddable":true,"href":"http:\/\/dsrmedios.com.ar\/diario\/wp-json\/wp\/v2\/users\/5"}],"replies":[{"embeddable":true,"href":"http:\/\/dsrmedios.com.ar\/diario\/wp-json\/wp\/v2\/comments?post=6303"}],"version-history":[{"count":1,"href":"http:\/\/dsrmedios.com.ar\/diario\/wp-json\/wp\/v2\/posts\/6303\/revisions"}],"predecessor-version":[{"id":6305,"href":"http:\/\/dsrmedios.com.ar\/diario\/wp-json\/wp\/v2\/posts\/6303\/revisions\/6305"}],"wp:featuredmedia":[{"embeddable":true,"href":"http:\/\/dsrmedios.com.ar\/diario\/wp-json\/wp\/v2\/media\/6304"}],"wp:attachment":[{"href":"http:\/\/dsrmedios.com.ar\/diario\/wp-json\/wp\/v2\/media?parent=6303"}],"wp:term":[{"taxonomy":"category","embeddable":true,"href":"http:\/\/dsrmedios.com.ar\/diario\/wp-json\/wp\/v2\/categories?post=6303"},{"taxonomy":"post_tag","embeddable":true,"href":"http:\/\/dsrmedios.com.ar\/diario\/wp-json\/wp\/v2\/tags?post=6303"}],"curies":[{"name":"wp","href":"https:\/\/api.w.org\/{rel}","templated":true}]}}