{"id":6300,"date":"2018-06-12T07:03:16","date_gmt":"2018-06-12T10:03:16","guid":{"rendered":"http:\/\/dsrmedios.com.ar\/diario\/?p=6300"},"modified":"2018-06-11T17:23:35","modified_gmt":"2018-06-11T20:23:35","slug":"ratificaron-un-paro-nacional-de-camioneros-para-el-dia-jueves-proximo","status":"publish","type":"post","link":"http:\/\/dsrmedios.com.ar\/diario\/archivos\/6300","title":{"rendered":"Ratificaron un paro nacional de camioneros para el d\u00eda jueves pr\u00f3ximo"},"content":{"rendered":"<p>Hugo Moyano ratific\u00f3 este lunes el paro nacional de Camioneros para el jueves pr\u00f3ximo en reclamo de un aumento salarial del 27%. &#8220;Tuve una reuni\u00f3n con el sector empresario y nos dijeron que no est\u00e1 en condiciones de hacerlo. No pueden ofrecer m\u00e1s del 15%. El Gobierno no les permite ofrecer m\u00e1s. Ratificamos as\u00ed la medida de fuerza para el jueves, que se resolvi\u00f3 en la asamblea general&#8221;, sostuvo el gremialista.<\/p>\n<p>Seg\u00fan dijo el l\u00edder del sindicato de choferes, la huelga afectar\u00e1 todas las ramas del transporte de carga, como los caudales, combustibles, recolecci\u00f3n de residuos, correo, granos, aguas y gaseosas, entre otros. Para evitar incidentes y malestar general, los camioneros anunciaron que la medida fuerza no incluir\u00e1 una movilizaci\u00f3n y prometieron que no habr\u00e1 cortes de rutas ni piquetes en los accesos a la ciudad de Buenos Aires y otras localidades del pa\u00eds.<\/p>\n<p>&#8220;Es un paro, cuando se para un cami\u00f3n se lo lleva al costado de la ruta y no funciona, no nada. No hay corte de rutas. No vamos a hacer nada que no corresponda, si el paro lo agarra en una estaci\u00f3n de servicio, para en la estaci\u00f3n&#8221;, asegur\u00f3 Moyano al dar una conferencia de prensa en la sede gremial de la calle San Jos\u00e9.<\/p>\n<p>La semana pasada la ministra de Seguridad, Patricia Bullrich, lanz\u00f3 una dura advertencia a los camioneros, si en su plan de lucha por las paritarias inclu\u00edan piquetes. &#8220;No vamos a permitir de ninguna manera que la Argentina sea bloqueada. Vamos a hacer todo lo que tenemos que hacer para que estas cosas no pasen&#8221;, lanz\u00f3 la exministra de Trabajo de Fernando De la R\u00faa, en referencia a la protesta de Sichoca. &#8220;Lo vamos a hacer, no tengan dudas&#8221;, amenaz\u00f3 Bullrich y le envi\u00f3 un mensaje a los Moyano: &#8220;Espero que no lo hagan, que sean racionales y discutan en el marco de una Argentina racional&#8221;.<\/p>\n","protected":false},"excerpt":{"rendered":"<div class=\"mh-excerpt\"><p>Hugo Moyano ratific\u00f3 este lunes el paro nacional de Camioneros para el jueves pr\u00f3ximo en reclamo de un aumento salarial del 27%. &#8220;Tuve una reuni\u00f3n con el sector empresario y nos dijeron que no est\u00e1 en condiciones de hacerlo. No pueden ofrecer m\u00e1s del 15%. El Gobierno no les permite ofrecer m\u00e1s. Ratificamos as\u00ed la medida de fuerza para el jueves, que se resolvi\u00f3 en la asamblea general&#8221;, sostuvo el gremialista. Seg\u00fan dijo el l\u00edder del sindicato de choferes, la huelga afectar\u00e1 todas las ramas del transporte de carga, como los caudales, combustibles, recolecci\u00f3n de residuos, correo, granos, aguas y <a class=\"mh-excerpt-more\" href=\"http:\/\/dsrmedios.com.ar\/diario\/archivos\/6300\" title=\"Ratificaron un paro nacional de camioneros para el d\u00eda jueves pr\u00f3ximo\">[Leer m\u00e1s]<\/a><\/p>\n<\/div>","protected":false},"author":5,"featured_media":6301,"comment_status":"open","ping_status":"closed","sticky":false,"template":"","format":"standard","meta":{"_jetpack_newsletter_access":""},"categories":[18,6],"tags":[],"jetpack_featured_media_url":"http:\/\/dsrmedios.com.ar\/diario\/wp-content\/uploads\/2018\/06\/moyano.jpg","jetpack_sharing_enabled":true,"jetpack_shortlink":"https:\/\/wp.me\/p9fihK-1DC","_links":{"self":[{"href":"http:\/\/dsrmedios.com.ar\/diario\/wp-json\/wp\/v2\/posts\/6300"}],"collection":[{"href":"http:\/\/dsrmedios.com.ar\/diario\/wp-json\/wp\/v2\/posts"}],"about":[{"href":"http:\/\/dsrmedios.com.ar\/diario\/wp-json\/wp\/v2\/types\/post"}],"author":[{"embeddable":true,"href":"http:\/\/dsrmedios.com.ar\/diario\/wp-json\/wp\/v2\/users\/5"}],"replies":[{"embeddable":true,"href":"http:\/\/dsrmedios.com.ar\/diario\/wp-json\/wp\/v2\/comments?post=6300"}],"version-history":[{"count":1,"href":"http:\/\/dsrmedios.com.ar\/diario\/wp-json\/wp\/v2\/posts\/6300\/revisions"}],"predecessor-version":[{"id":6302,"href":"http:\/\/dsrmedios.com.ar\/diario\/wp-json\/wp\/v2\/posts\/6300\/revisions\/6302"}],"wp:featuredmedia":[{"embeddable":true,"href":"http:\/\/dsrmedios.com.ar\/diario\/wp-json\/wp\/v2\/media\/6301"}],"wp:attachment":[{"href":"http:\/\/dsrmedios.com.ar\/diario\/wp-json\/wp\/v2\/media?parent=6300"}],"wp:term":[{"taxonomy":"category","embeddable":true,"href":"http:\/\/dsrmedios.com.ar\/diario\/wp-json\/wp\/v2\/categories?post=6300"},{"taxonomy":"post_tag","embeddable":true,"href":"http:\/\/dsrmedios.com.ar\/diario\/wp-json\/wp\/v2\/tags?post=6300"}],"curies":[{"name":"wp","href":"https:\/\/api.w.org\/{rel}","templated":true}]}}