{"id":6274,"date":"2018-06-11T07:02:29","date_gmt":"2018-06-11T10:02:29","guid":{"rendered":"http:\/\/dsrmedios.com.ar\/diario\/?p=6274"},"modified":"2018-06-10T18:24:21","modified_gmt":"2018-06-10T21:24:21","slug":"declaran-la-continuidad-de-la-emergencia-agropecuaria-en-gran-parte-de-la-provincia","status":"publish","type":"post","link":"http:\/\/dsrmedios.com.ar\/diario\/archivos\/6274","title":{"rendered":"Declaran la continuidad de la Emergencia Agropecuaria en gran parte de la provincia"},"content":{"rendered":"<p>La Comisi\u00f3n Nacional de Emergencia Agropecuaria declar\u00f3 el estado de emergencia o desastre agropecuario para una gran parte del territorio bonaerense, que fue afectada por la intensa sequ\u00eda del \u00faltimo verano.<\/p>\n<p>Mediante la Resoluci\u00f3n 133\/2018 publicada en el Bolet\u00edn Oficial, se da por declarado &#8220;el estado de emergencia y\/o desastre agropecuario, seg\u00fan corresponda, para las explotaciones agropecuarias afectadas por el fen\u00f3meno de sequ\u00eda&#8221; en numerosos partidos bonaerenses.<\/p>\n<p>Esa lista est\u00e1 integrada por los distritos de Alberti, Bol\u00edvar, Bragado, Coronel Su\u00e1rez, Daireaux, Exaltaci\u00f3n de la Cruz, General Alvear, General La Madrid,<\/p>\n<div data-test='contact-form' id='contact-form-6274' class='wp-block-jetpack-contact-form-container '>\n<form action='http:\/\/dsrmedios.com.ar\/diario\/archivos\/6274#contact-form-6274' method='post' class='contact-form commentsblock'>\n<script>\n\t\t\t( function () {\n\t\t\t\tconst contact_forms = document.getElementsByClassName('contact-form');\n\n\t\t\t\tfor ( const form of contact_forms ) {\n\t\t\t\t\tform.onsubmit = function() {\n\t\t\t\t\t\tconst buttons = form.getElementsByTagName('button');\n\n\t\t\t\t\t\tfor( const button of buttons ) {\n\t\t\t\t\t\t\tbutton.setAttribute('disabled', true);\n\t\t\t\t\t\t}\n\t\t\t\t\t}\n\t\t\t\t}\n\t\t\t} )();\n\t\t<\/script>\n<div style=\"\" class='grunion-field-name-wrap grunion-field-wrap'  >\n<label\n\t\t\t\tfor='g6274-nombre'\n\t\t\t\tclass='grunion-field-label name'>Nombre<span>(obligatorio)<\/span><\/label>\n<input\n\t\t\t\t\ttype='text'\n\t\t\t\t\tname='g6274-nombre'\n\t\t\t\t\tid='g6274-nombre'\n\t\t\t\t\tvalue=''\n\t\t\t\t\tclass='name  grunion-field' \n\t\t\t\t\trequired aria-required='true' \/>\n\t<\/div>\n\n<div style=\"\" class='grunion-field-email-wrap grunion-field-wrap'  >\n<label\n\t\t\t\tfor='g6274-correoelectrnico'\n\t\t\t\tclass='grunion-field-label email'>Correo electr\u00f3nico<span>(obligatorio)<\/span><\/label>\n<input\n\t\t\t\t\ttype='email'\n\t\t\t\t\tname='g6274-correoelectrnico'\n\t\t\t\t\tid='g6274-correoelectrnico'\n\t\t\t\t\tvalue=''\n\t\t\t\t\tclass='email  grunion-field' \n\t\t\t\t\trequired aria-required='true' \/>\n\t<\/div>\n\n<div style=\"\" class='grunion-field-url-wrap grunion-field-wrap'  >\n<label\n\t\t\t\tfor='g6274-web'\n\t\t\t\tclass='grunion-field-label url'>Web<\/label>\n<input\n\t\t\t\t\ttype='text'\n\t\t\t\t\tname='g6274-web'\n\t\t\t\t\tid='g6274-web'\n\t\t\t\t\tvalue=''\n\t\t\t\t\tclass='url  grunion-field' \n\t\t\t\t\ttitle=\"Por favor, introduce una URL v\u00e1lida - https:\/\/www.ejemplo.com\" oninvalid=\"setCustomValidity(&quot;Por favor, introduce una URL v\u00e1lida - https:\/\/www.ejemplo.com&quot;)\" oninput=\"setCustomValidity(&quot;&quot;)\" pattern=\"(([:\\\/a-zA-Z0-9_\\-]+)?(\\.[a-zA-Z0-9_\\-\\\/]+)+)\" data-type-override=\"url\"  \/>\n\t<\/div>\n\n<div style=\"\" class='grunion-field-textarea-wrap grunion-field-wrap'  >\n<label\n\t\t\t\tfor='contact-form-comment-g6274-mensaje'\n\t\t\t\tclass='grunion-field-label textarea'>Mensaje<\/label>\n<textarea\n\t\t                style=''\n\t\t                name='g6274-mensaje'\n\t\t                id='contact-form-comment-g6274-mensaje'\n\t\t                rows='20' class='textarea  grunion-field'  ><\/textarea>\n\t<\/div>\n\t<p class='contact-submit'>\n\t\t<button type='submit' class='pushbutton-wide'>Enviar<\/button>\t\t<input type='hidden' name='contact-form-id' value='6274' \/>\n\t\t<input type='hidden' name='action' value='grunion-contact-form' \/>\n\t\t<input type='hidden' name='contact-form-hash' value='ee49131ccce5e60f177801965bc0f27a43c12984' \/>\n\t<\/p>\n<\/form>\n<\/div>\n<p>Guamin\u00ed, Navarro, 9 de Julio, Olavarr\u00eda, Saavedra, Saladillo, Tornquist, 25 de Mayo, Benito Ju\u00e1rez y Ca\u00f1uelas. La emergencia agropecuaria nacional tambi\u00e9n rige para Chacabuco, General Las Heras, General Viamonte, Laprida, Lobos, Luj\u00e1n, Marcos Paz, Roque P\u00e9rez, San Antonio de Areco, Tandil y Tapalqu\u00e9.<\/p>\n<p>En todos estos casos, la declaraci\u00f3n regir\u00e1 desde el 2 de enero pasado hasta el 30 de junio de 2018. En los hechos, as\u00ed, el gobierno nacional extendi\u00f3 por 60 d\u00edas la declaraci\u00f3n original emitida por el gobierno de la Provincia, que ten\u00eda un plazo de vigencia s\u00f3lo hasta fines de abril pasado.<\/p>\n<p>A partir de ahora, y en base a los listados de productores afectados que remitir\u00e1 la provincia de Buenos Aires, &#8220;las instituciones bancarias nacionales y la AFIP arbitrar\u00e1n los medios necesarios para que los productores agropecuarios comprendidos en la presente resoluci\u00f3n gocen de los beneficios previstos en los Art\u00edculos 22 y 23 de la Ley 26.509&#8221;.<\/p>\n<p>fuente:www.aninoticias.com<\/p>\n","protected":false},"excerpt":{"rendered":"<div class=\"mh-excerpt\"><p>La Comisi\u00f3n Nacional de Emergencia Agropecuaria declar\u00f3 el estado de emergencia o desastre agropecuario para una gran parte del territorio bonaerense, que fue afectada por la intensa sequ\u00eda del \u00faltimo verano. Mediante la Resoluci\u00f3n 133\/2018 publicada en el Bolet\u00edn Oficial, se da por declarado &#8220;el estado de emergencia y\/o desastre agropecuario, seg\u00fan corresponda, para las explotaciones agropecuarias afectadas por el fen\u00f3meno de sequ\u00eda&#8221; en numerosos partidos bonaerenses. Esa lista est\u00e1 integrada por los distritos de Alberti, Bol\u00edvar, Bragado, Coronel Su\u00e1rez, Daireaux, Exaltaci\u00f3n de la Cruz, General Alvear, General La Madrid, Guamin\u00ed, Navarro, 9 de Julio, Olavarr\u00eda, Saavedra, Saladillo, Tornquist, 25 <a class=\"mh-excerpt-more\" href=\"http:\/\/dsrmedios.com.ar\/diario\/archivos\/6274\" title=\"Declaran la continuidad de la Emergencia Agropecuaria en gran parte de la provincia\">[Leer m\u00e1s]<\/a><\/p>\n<\/div>","protected":false},"author":5,"featured_media":5319,"comment_status":"open","ping_status":"closed","sticky":false,"template":"","format":"standard","meta":{"_jetpack_newsletter_access":""},"categories":[18,7],"tags":[],"jetpack_featured_media_url":"http:\/\/dsrmedios.com.ar\/diario\/wp-content\/uploads\/2018\/04\/sequiaiaa.jpg","jetpack_sharing_enabled":true,"jetpack_shortlink":"https:\/\/wp.me\/p9fihK-1Dc","_links":{"self":[{"href":"http:\/\/dsrmedios.com.ar\/diario\/wp-json\/wp\/v2\/posts\/6274"}],"collection":[{"href":"http:\/\/dsrmedios.com.ar\/diario\/wp-json\/wp\/v2\/posts"}],"about":[{"href":"http:\/\/dsrmedios.com.ar\/diario\/wp-json\/wp\/v2\/types\/post"}],"author":[{"embeddable":true,"href":"http:\/\/dsrmedios.com.ar\/diario\/wp-json\/wp\/v2\/users\/5"}],"replies":[{"embeddable":true,"href":"http:\/\/dsrmedios.com.ar\/diario\/wp-json\/wp\/v2\/comments?post=6274"}],"version-history":[{"count":1,"href":"http:\/\/dsrmedios.com.ar\/diario\/wp-json\/wp\/v2\/posts\/6274\/revisions"}],"predecessor-version":[{"id":6275,"href":"http:\/\/dsrmedios.com.ar\/diario\/wp-json\/wp\/v2\/posts\/6274\/revisions\/6275"}],"wp:featuredmedia":[{"embeddable":true,"href":"http:\/\/dsrmedios.com.ar\/diario\/wp-json\/wp\/v2\/media\/5319"}],"wp:attachment":[{"href":"http:\/\/dsrmedios.com.ar\/diario\/wp-json\/wp\/v2\/media?parent=6274"}],"wp:term":[{"taxonomy":"category","embeddable":true,"href":"http:\/\/dsrmedios.com.ar\/diario\/wp-json\/wp\/v2\/categories?post=6274"},{"taxonomy":"post_tag","embeddable":true,"href":"http:\/\/dsrmedios.com.ar\/diario\/wp-json\/wp\/v2\/tags?post=6274"}],"curies":[{"name":"wp","href":"https:\/\/api.w.org\/{rel}","templated":true}]}}