{"id":6268,"date":"2018-06-08T09:03:02","date_gmt":"2018-06-08T12:03:02","guid":{"rendered":"http:\/\/dsrmedios.com.ar\/diario\/?p=6268"},"modified":"2018-06-08T09:03:02","modified_gmt":"2018-06-08T12:03:02","slug":"maria-eugenia-vidal-estuvo-reunida-con-el-papa-francisco-y-analizaron-la-situacion-social","status":"publish","type":"post","link":"http:\/\/dsrmedios.com.ar\/diario\/archivos\/6268","title":{"rendered":"Mar\u00eda Eugenia Vidal estuvo reunida con el Papa Francisco y analizaron la situaci\u00f3n social"},"content":{"rendered":"<p>Mar\u00eda Eugenia Vidal; el jefe de Gabinete bonaerense, Federico Salvai; el secretario General de la Provincia, Fabi\u00e1n Perechodnik y la ministra de Desarrollo Social, Carolina Stanley se con el Papa Francisco, en medio de las tensiones de la econom\u00eda y del debate por el aborto.<\/p>\n<p>Seg\u00fan trascendi\u00f3, el encuentro realizado en la residencia de Santa Marta, en el Vaticano, dur\u00f3 m\u00e1s de una hora y por protocolo del Vaticano, respecto a encuentros en la residencia papal, no hubo fotos oficiales &#8211; y los funcionarios del oficialismo acordaron no ventilar detalles de la reuni\u00f3n.<\/p>\n<p>La reuni\u00f3n tom\u00f3 relevancia porque se da en medio de las tensiones econ\u00f3micas, sociales y sindicales del pa\u00eds, del debate por la despenalizaci\u00f3n del aborto en el Congreso y el r\u00e1pido nombramiento de V\u00edctor Manuel \u201cTucho\u201d Fern\u00e1ndez, el ex rector de la Universidad Cat\u00f3lica Argentina (UCA) -del ri\u00f1\u00f3n m\u00e1s \u00edntimo de Francisco- como nuevo arzobispo de La Plata, tras la renuncia de H\u00e9ctor Aguer.<\/p>\n<p>Cabe recordar que Vidal y Stanley, se mostraron abiertamente en contra de la despenalizaci\u00f3n del aborto, en l\u00ednea con la posici\u00f3n eclesi\u00e1stica. Dato no menor, en octubre de 2016 la Gobernadora dio marcha atr\u00e1s con la adhesi\u00f3n al protocolo del aborto no punible, que hab\u00eda sido impulsado por su entonces ministra de Salud, Zulma Ortiz.<\/p>\n<p>Con respecto a la Provincia, Vidal y el Sumo Pont\u00edfice seguramente hablaron sobre \u201cTucho\u201d Fern\u00e1ndez y c\u00f3mo ser\u00e1 su trabajo en la arquidi\u00f3cesis de la capital provincial, la segunda m\u00e1s importante a nivel nacional y con una poderosa influencia en el \u00e1mbito de la Gobernaci\u00f3n y la Legislatura. Si bien el religioso adelant\u00f3 que bajar\u00e1 la l\u00ednea del Papa, su desembarco genera mucha expectativa.<\/p>\n<p>Fue justamente Peredchonik uno de quienes se expres\u00f3 con respecto al cambio \u2013que se anticipa hist\u00f3rico- en la Curia de Calle 14. Desde su Twitter, le dio la bienvenido y lo invit\u00f3 al reci\u00e9n llegado a \u201ccompartir el trabajo\u201d.<\/p>\n","protected":false},"excerpt":{"rendered":"<div class=\"mh-excerpt\"><p>Mar\u00eda Eugenia Vidal; el jefe de Gabinete bonaerense, Federico Salvai; el secretario General de la Provincia, Fabi\u00e1n Perechodnik y la ministra de Desarrollo Social, Carolina Stanley se con el Papa Francisco, en medio de las tensiones de la econom\u00eda y del debate por el aborto. Seg\u00fan trascendi\u00f3, el encuentro realizado en la residencia de Santa Marta, en el Vaticano, dur\u00f3 m\u00e1s de una hora y por protocolo del Vaticano, respecto a encuentros en la residencia papal, no hubo fotos oficiales &#8211; y los funcionarios del oficialismo acordaron no ventilar detalles de la reuni\u00f3n. La reuni\u00f3n tom\u00f3 relevancia porque se da <a class=\"mh-excerpt-more\" href=\"http:\/\/dsrmedios.com.ar\/diario\/archivos\/6268\" title=\"Mar\u00eda Eugenia Vidal estuvo reunida con el Papa Francisco y analizaron la situaci\u00f3n social\">[Leer m\u00e1s]<\/a><\/p>\n<\/div>","protected":false},"author":5,"featured_media":6269,"comment_status":"open","ping_status":"closed","sticky":false,"template":"","format":"standard","meta":{"_jetpack_newsletter_access":""},"categories":[18],"tags":[],"jetpack_featured_media_url":"http:\/\/dsrmedios.com.ar\/diario\/wp-content\/uploads\/2018\/06\/papa.jpg","jetpack_sharing_enabled":true,"jetpack_shortlink":"https:\/\/wp.me\/p9fihK-1D6","_links":{"self":[{"href":"http:\/\/dsrmedios.com.ar\/diario\/wp-json\/wp\/v2\/posts\/6268"}],"collection":[{"href":"http:\/\/dsrmedios.com.ar\/diario\/wp-json\/wp\/v2\/posts"}],"about":[{"href":"http:\/\/dsrmedios.com.ar\/diario\/wp-json\/wp\/v2\/types\/post"}],"author":[{"embeddable":true,"href":"http:\/\/dsrmedios.com.ar\/diario\/wp-json\/wp\/v2\/users\/5"}],"replies":[{"embeddable":true,"href":"http:\/\/dsrmedios.com.ar\/diario\/wp-json\/wp\/v2\/comments?post=6268"}],"version-history":[{"count":1,"href":"http:\/\/dsrmedios.com.ar\/diario\/wp-json\/wp\/v2\/posts\/6268\/revisions"}],"predecessor-version":[{"id":6270,"href":"http:\/\/dsrmedios.com.ar\/diario\/wp-json\/wp\/v2\/posts\/6268\/revisions\/6270"}],"wp:featuredmedia":[{"embeddable":true,"href":"http:\/\/dsrmedios.com.ar\/diario\/wp-json\/wp\/v2\/media\/6269"}],"wp:attachment":[{"href":"http:\/\/dsrmedios.com.ar\/diario\/wp-json\/wp\/v2\/media?parent=6268"}],"wp:term":[{"taxonomy":"category","embeddable":true,"href":"http:\/\/dsrmedios.com.ar\/diario\/wp-json\/wp\/v2\/categories?post=6268"},{"taxonomy":"post_tag","embeddable":true,"href":"http:\/\/dsrmedios.com.ar\/diario\/wp-json\/wp\/v2\/tags?post=6268"}],"curies":[{"name":"wp","href":"https:\/\/api.w.org\/{rel}","templated":true}]}}