{"id":6252,"date":"2018-06-08T08:27:15","date_gmt":"2018-06-08T11:27:15","guid":{"rendered":"http:\/\/dsrmedios.com.ar\/diario\/?p=6252"},"modified":"2018-06-08T08:27:15","modified_gmt":"2018-06-08T11:27:15","slug":"aprobaron-la-quita-de-impuestos-a-las-tarifas-de-luz-y-gas-en-la-provincia","status":"publish","type":"post","link":"http:\/\/dsrmedios.com.ar\/diario\/archivos\/6252","title":{"rendered":"Aprobaron la quita de impuestos a las tarifas de luz y gas en la provincia"},"content":{"rendered":"<p>La Legislatura bonaerense sancion\u00f3 en ley el proyecto que quita impuestos a las tarifas de luz y de agua. Es parte del decreto que hab\u00eda firmado la gobernadora Mar\u00eda Eugenia Vidal pero que en este caso afectaba a los municipios porque lo recaudado se repart\u00eda entre cada uno de los distritos.<\/p>\n<p>Se consensu\u00f3 que la contribuci\u00f3n que hacen los prestadores no sea del 0,01 por ciento como originalmente preve\u00eda sino que se elimin\u00f3 totalmente. Mientras que se le puso un tope del 6 por ciento a lo que los municipios percibir\u00e1n de las empresas distribuidoras de luz y del 4 a las de agua y cloacas.<\/p>\n<p>De este modo, las comunas podr\u00e1n continuar manteniendo el ingreso que recib\u00edan pero ahora deber\u00e1n ver la forma de acordar con las prestadoras de servicios p\u00fablicos la forma de hacerlo.<\/p>\n<p>Con esta ley se obtendr\u00eda la reducci\u00f3n de alrededor del 15 por ciento en las tarifas de servicios p\u00fablicos que pretende el Poder Ejecutivo bonaerense.<\/p>\n<p>Pacto Fiscal<\/p>\n<p>Tambi\u00e9n se sancion\u00f3 una nueva adhesi\u00f3n al Pacto Fiscal instaurado por el Congreso Nacional. Se trata de una adecuaci\u00f3n ya que la provincia de Buenos Aires lo hizo en noviembre de 2017 pero poco tiempo despu\u00e9s fue modificada y amerita un nuevo acompa\u00f1amiento.<\/p>\n<p>Los cambios establecen que la tasa nominal de incremento del gasto p\u00fablico corriente primario neto de la Naci\u00f3n, de las provincias y de la Ciudad Aut\u00f3noma de Buenos Aires no podr\u00e1 superar la tasa de aumento del \u00edndice de precios del consumidor de cobertura nacional prevista en el marco macrofiscal. Y tambi\u00e9n que Naci\u00f3n, provincias y municipios se comprometen a no incrementar los cargos ocupados en el Sector P\u00fablico (en planta permanente, temporaria y contratada) existentes al 31 de diciembre de 2017.<\/p>\n<p>Fuente:www.aninoticias.com<\/p>\n","protected":false},"excerpt":{"rendered":"<div class=\"mh-excerpt\"><p>La Legislatura bonaerense sancion\u00f3 en ley el proyecto que quita impuestos a las tarifas de luz y de agua. Es parte del decreto que hab\u00eda firmado la gobernadora Mar\u00eda Eugenia Vidal pero que en este caso afectaba a los municipios porque lo recaudado se repart\u00eda entre cada uno de los distritos. Se consensu\u00f3 que la contribuci\u00f3n que hacen los prestadores no sea del 0,01 por ciento como originalmente preve\u00eda sino que se elimin\u00f3 totalmente. Mientras que se le puso un tope del 6 por ciento a lo que los municipios percibir\u00e1n de las empresas distribuidoras de luz y del 4 <a class=\"mh-excerpt-more\" href=\"http:\/\/dsrmedios.com.ar\/diario\/archivos\/6252\" title=\"Aprobaron la quita de impuestos a las tarifas de luz y gas en la provincia\">[Leer m\u00e1s]<\/a><\/p>\n<\/div>","protected":false},"author":5,"featured_media":5719,"comment_status":"open","ping_status":"closed","sticky":false,"template":"","format":"standard","meta":{"_jetpack_newsletter_access":""},"categories":[18,7],"tags":[],"jetpack_featured_media_url":"http:\/\/dsrmedios.com.ar\/diario\/wp-content\/uploads\/2018\/05\/legislaturalp.jpg","jetpack_sharing_enabled":true,"jetpack_shortlink":"https:\/\/wp.me\/p9fihK-1CQ","_links":{"self":[{"href":"http:\/\/dsrmedios.com.ar\/diario\/wp-json\/wp\/v2\/posts\/6252"}],"collection":[{"href":"http:\/\/dsrmedios.com.ar\/diario\/wp-json\/wp\/v2\/posts"}],"about":[{"href":"http:\/\/dsrmedios.com.ar\/diario\/wp-json\/wp\/v2\/types\/post"}],"author":[{"embeddable":true,"href":"http:\/\/dsrmedios.com.ar\/diario\/wp-json\/wp\/v2\/users\/5"}],"replies":[{"embeddable":true,"href":"http:\/\/dsrmedios.com.ar\/diario\/wp-json\/wp\/v2\/comments?post=6252"}],"version-history":[{"count":1,"href":"http:\/\/dsrmedios.com.ar\/diario\/wp-json\/wp\/v2\/posts\/6252\/revisions"}],"predecessor-version":[{"id":6253,"href":"http:\/\/dsrmedios.com.ar\/diario\/wp-json\/wp\/v2\/posts\/6252\/revisions\/6253"}],"wp:featuredmedia":[{"embeddable":true,"href":"http:\/\/dsrmedios.com.ar\/diario\/wp-json\/wp\/v2\/media\/5719"}],"wp:attachment":[{"href":"http:\/\/dsrmedios.com.ar\/diario\/wp-json\/wp\/v2\/media?parent=6252"}],"wp:term":[{"taxonomy":"category","embeddable":true,"href":"http:\/\/dsrmedios.com.ar\/diario\/wp-json\/wp\/v2\/categories?post=6252"},{"taxonomy":"post_tag","embeddable":true,"href":"http:\/\/dsrmedios.com.ar\/diario\/wp-json\/wp\/v2\/tags?post=6252"}],"curies":[{"name":"wp","href":"https:\/\/api.w.org\/{rel}","templated":true}]}}