{"id":6229,"date":"2018-06-07T07:03:32","date_gmt":"2018-06-07T10:03:32","guid":{"rendered":"http:\/\/dsrmedios.com.ar\/diario\/?p=6229"},"modified":"2018-06-06T16:53:23","modified_gmt":"2018-06-06T19:53:23","slug":"eduardo-duhalde-asegura-que-la-crisis-es-muy-critica-y-propuso-que-lavagna-sea-convocado","status":"publish","type":"post","link":"http:\/\/dsrmedios.com.ar\/diario\/archivos\/6229","title":{"rendered":"Eduardo Duhalde asegura que la cr\u00edsis es &#8220;muy cr\u00edtica&#8221; y propuso que Lavagna sea convocado"},"content":{"rendered":"<p>El ex presidente Eduardo Duhalde asegur\u00f3 que la situaci\u00f3n del pa\u00eds es &#8220;muy cr\u00edtica&#8221; y consider\u00f3 al exministro Roberto Lavagna como uno de los candidatos para &#8220;administrar las prioridades de la crisis&#8221;.<\/p>\n<p>&#8220;Tenemos que ir preparando lo que son las prioridades del pr\u00f3ximo gobierno. Roberto Lavagna es un hombre muy experimentado que ha demostrado seriedad y responsabilidad, pero un hombre solo no sirve hay que ir armando equipos&#8221;, manifest\u00f3 Duhalde.<\/p>\n<p>&#8220;S\u00ed, claro que me gustar\u00eda, \u00bfc\u00f3mo no me va a gustar?&#8221;, indic\u00f3 al ser consultado sobre la posibilidad de que sea Roberto Lavagna quien administre las prioridades de la crisis.<\/p>\n<p>En declaraciones formuladas esta ma\u00f1ana a radio FM La Patriada el ex presidente asegur\u00f3 que existe gente experimentada y seria para salir de la crisis pero es necesario un gobierno de transici\u00f3n &#8220;para ordenar las cosas y despu\u00e9s seguir trabajando&#8221;.<\/p>\n<p>&#8220;Es f\u00e1cil salir, pero haciendo lo que hay que hacer y no cualquier cosa&#8221;, se\u00f1al\u00f3.<\/p>\n<p>fuente:www.noticiasargentina.com<\/p>\n","protected":false},"excerpt":{"rendered":"<div class=\"mh-excerpt\"><p>El ex presidente Eduardo Duhalde asegur\u00f3 que la situaci\u00f3n del pa\u00eds es &#8220;muy cr\u00edtica&#8221; y consider\u00f3 al exministro Roberto Lavagna como uno de los candidatos para &#8220;administrar las prioridades de la crisis&#8221;. &#8220;Tenemos que ir preparando lo que son las prioridades del pr\u00f3ximo gobierno. Roberto Lavagna es un hombre muy experimentado que ha demostrado seriedad y responsabilidad, pero un hombre solo no sirve hay que ir armando equipos&#8221;, manifest\u00f3 Duhalde. &#8220;S\u00ed, claro que me gustar\u00eda, \u00bfc\u00f3mo no me va a gustar?&#8221;, indic\u00f3 al ser consultado sobre la posibilidad de que sea Roberto Lavagna quien administre las prioridades de la crisis. <a class=\"mh-excerpt-more\" href=\"http:\/\/dsrmedios.com.ar\/diario\/archivos\/6229\" title=\"Eduardo Duhalde asegura que la cr\u00edsis es &#8220;muy cr\u00edtica&#8221; y propuso que Lavagna sea convocado\">[Leer m\u00e1s]<\/a><\/p>\n<\/div>","protected":false},"author":5,"featured_media":6230,"comment_status":"open","ping_status":"closed","sticky":false,"template":"","format":"standard","meta":{"_jetpack_newsletter_access":""},"categories":[18,6],"tags":[],"jetpack_featured_media_url":"http:\/\/dsrmedios.com.ar\/diario\/wp-content\/uploads\/2018\/06\/duhalde.jpg","jetpack_sharing_enabled":true,"jetpack_shortlink":"https:\/\/wp.me\/p9fihK-1Ct","_links":{"self":[{"href":"http:\/\/dsrmedios.com.ar\/diario\/wp-json\/wp\/v2\/posts\/6229"}],"collection":[{"href":"http:\/\/dsrmedios.com.ar\/diario\/wp-json\/wp\/v2\/posts"}],"about":[{"href":"http:\/\/dsrmedios.com.ar\/diario\/wp-json\/wp\/v2\/types\/post"}],"author":[{"embeddable":true,"href":"http:\/\/dsrmedios.com.ar\/diario\/wp-json\/wp\/v2\/users\/5"}],"replies":[{"embeddable":true,"href":"http:\/\/dsrmedios.com.ar\/diario\/wp-json\/wp\/v2\/comments?post=6229"}],"version-history":[{"count":1,"href":"http:\/\/dsrmedios.com.ar\/diario\/wp-json\/wp\/v2\/posts\/6229\/revisions"}],"predecessor-version":[{"id":6231,"href":"http:\/\/dsrmedios.com.ar\/diario\/wp-json\/wp\/v2\/posts\/6229\/revisions\/6231"}],"wp:featuredmedia":[{"embeddable":true,"href":"http:\/\/dsrmedios.com.ar\/diario\/wp-json\/wp\/v2\/media\/6230"}],"wp:attachment":[{"href":"http:\/\/dsrmedios.com.ar\/diario\/wp-json\/wp\/v2\/media?parent=6229"}],"wp:term":[{"taxonomy":"category","embeddable":true,"href":"http:\/\/dsrmedios.com.ar\/diario\/wp-json\/wp\/v2\/categories?post=6229"},{"taxonomy":"post_tag","embeddable":true,"href":"http:\/\/dsrmedios.com.ar\/diario\/wp-json\/wp\/v2\/tags?post=6229"}],"curies":[{"name":"wp","href":"https:\/\/api.w.org\/{rel}","templated":true}]}}