{"id":6226,"date":"2018-06-07T07:02:16","date_gmt":"2018-06-07T10:02:16","guid":{"rendered":"http:\/\/dsrmedios.com.ar\/diario\/?p=6226"},"modified":"2018-06-06T16:48:58","modified_gmt":"2018-06-06T19:48:58","slug":"moyano-lanzo-la-propuesta-de-un-paro-nacional-para-el-dia-14-de-junio","status":"publish","type":"post","link":"http:\/\/dsrmedios.com.ar\/diario\/archivos\/6226","title":{"rendered":"Moyano lanz\u00f3 la propuesta de un paro nacional para el d\u00eda 14 de junio"},"content":{"rendered":"<p>El l\u00edder de la Federaci\u00f3n de Choferes de Camiones, Hugo Moyano, lanz\u00f3 una huelga nacional de camioneros para el jueves 14 de junio en rechazo al 15% de aumento salarial que ofrecieron las c\u00e1maras empresarias del transporte.<\/p>\n<p>&#8220;El martes tenemos al audiencia con Fadeeac (Federaci\u00f3n Argentina de Entidades Empresarias del Autotransporte de Cargas), si no tenemos respuesta que nos permita trasladar a ustedes y que sea favorables que no se pierda el poder adquisitivo del salario, sin respuesta concreta al pedido que trasladamos el jueves (14 de junio) hacemos un paro nacional. No digan que no lo hemos avisado&#8221;, anunci\u00f3 Moyano durante una asamblea.<\/p>\n<p>Esta iniciativa no tiene vinculaci\u00f3n con el paro general que promueve la CGT para el martes 12 o jueves 14 de junio, pero podr\u00eda coincidir en la fecha. De hecho ma\u00f1ana la central obrera dar\u00e1 a conocer cu\u00e1ndo realizar\u00e1 su protesta.<\/p>\n<p>fuente:www.aninoticias.com.ar<\/p>\n<div data-test='contact-form' id='contact-form-6226' class='wp-block-jetpack-contact-form-container '>\n<form action='http:\/\/dsrmedios.com.ar\/diario\/archivos\/6226#contact-form-6226' method='post' class='contact-form commentsblock'>\n<script>\n\t\t\t( function () {\n\t\t\t\tconst contact_forms = document.getElementsByClassName('contact-form');\n\n\t\t\t\tfor ( const form of contact_forms ) {\n\t\t\t\t\tform.onsubmit = function() {\n\t\t\t\t\t\tconst buttons = form.getElementsByTagName('button');\n\n\t\t\t\t\t\tfor( const button of buttons ) {\n\t\t\t\t\t\t\tbutton.setAttribute('disabled', true);\n\t\t\t\t\t\t}\n\t\t\t\t\t}\n\t\t\t\t}\n\t\t\t} )();\n\t\t<\/script>\n<div style=\"\" class='grunion-field-name-wrap grunion-field-wrap'  >\n<label\n\t\t\t\tfor='g6226-nombre'\n\t\t\t\tclass='grunion-field-label name'>Nombre<span>(obligatorio)<\/span><\/label>\n<input\n\t\t\t\t\ttype='text'\n\t\t\t\t\tname='g6226-nombre'\n\t\t\t\t\tid='g6226-nombre'\n\t\t\t\t\tvalue=''\n\t\t\t\t\tclass='name  grunion-field' \n\t\t\t\t\trequired aria-required='true' \/>\n\t<\/div>\n\n<div style=\"\" class='grunion-field-email-wrap grunion-field-wrap'  >\n<label\n\t\t\t\tfor='g6226-correoelectrnico'\n\t\t\t\tclass='grunion-field-label email'>Correo electr\u00f3nico<span>(obligatorio)<\/span><\/label>\n<input\n\t\t\t\t\ttype='email'\n\t\t\t\t\tname='g6226-correoelectrnico'\n\t\t\t\t\tid='g6226-correoelectrnico'\n\t\t\t\t\tvalue=''\n\t\t\t\t\tclass='email  grunion-field' \n\t\t\t\t\trequired aria-required='true' \/>\n\t<\/div>\n\n<div style=\"\" class='grunion-field-url-wrap grunion-field-wrap'  >\n<label\n\t\t\t\tfor='g6226-web'\n\t\t\t\tclass='grunion-field-label url'>Web<\/label>\n<input\n\t\t\t\t\ttype='text'\n\t\t\t\t\tname='g6226-web'\n\t\t\t\t\tid='g6226-web'\n\t\t\t\t\tvalue=''\n\t\t\t\t\tclass='url  grunion-field' \n\t\t\t\t\ttitle=\"Por favor, introduce una URL v\u00e1lida - https:\/\/www.ejemplo.com\" oninvalid=\"setCustomValidity(&quot;Por favor, introduce una URL v\u00e1lida - https:\/\/www.ejemplo.com&quot;)\" oninput=\"setCustomValidity(&quot;&quot;)\" pattern=\"(([:\\\/a-zA-Z0-9_\\-]+)?(\\.[a-zA-Z0-9_\\-\\\/]+)+)\" data-type-override=\"url\"  \/>\n\t<\/div>\n\n<div style=\"\" class='grunion-field-textarea-wrap grunion-field-wrap'  >\n<label\n\t\t\t\tfor='contact-form-comment-g6226-mensaje'\n\t\t\t\tclass='grunion-field-label textarea'>Mensaje<\/label>\n<textarea\n\t\t                style=''\n\t\t                name='g6226-mensaje'\n\t\t                id='contact-form-comment-g6226-mensaje'\n\t\t                rows='20' class='textarea  grunion-field'  ><\/textarea>\n\t<\/div>\n\t<p class='contact-submit'>\n\t\t<button type='submit' class='pushbutton-wide'>Enviar<\/button>\t\t<input type='hidden' name='contact-form-id' value='6226' \/>\n\t\t<input type='hidden' name='action' value='grunion-contact-form' \/>\n\t\t<input type='hidden' name='contact-form-hash' value='14817e051887205c3d463173f6ce177aaa2fb6b3' \/>\n\t<\/p>\n<\/form>\n<\/div>\n<p>\u00ed<\/p>\n","protected":false},"excerpt":{"rendered":"<div class=\"mh-excerpt\"><p>El l\u00edder de la Federaci\u00f3n de Choferes de Camiones, Hugo Moyano, lanz\u00f3 una huelga nacional de camioneros para el jueves 14 de junio en rechazo al 15% de aumento salarial que ofrecieron las c\u00e1maras empresarias del transporte. &#8220;El martes tenemos al audiencia con Fadeeac (Federaci\u00f3n Argentina de Entidades Empresarias del Autotransporte de Cargas), si no tenemos respuesta que nos permita trasladar a ustedes y que sea favorables que no se pierda el poder adquisitivo del salario, sin respuesta concreta al pedido que trasladamos el jueves (14 de junio) hacemos un paro nacional. No digan que no lo hemos avisado&#8221;, anunci\u00f3 <a class=\"mh-excerpt-more\" href=\"http:\/\/dsrmedios.com.ar\/diario\/archivos\/6226\" title=\"Moyano lanz\u00f3 la propuesta de un paro nacional para el d\u00eda 14 de junio\">[Leer m\u00e1s]<\/a><\/p>\n<\/div>","protected":false},"author":5,"featured_media":6227,"comment_status":"open","ping_status":"closed","sticky":false,"template":"","format":"standard","meta":{"_jetpack_newsletter_access":""},"categories":[1],"tags":[],"jetpack_featured_media_url":"http:\/\/dsrmedios.com.ar\/diario\/wp-content\/uploads\/2018\/06\/moyano-habla-1.jpg","jetpack_sharing_enabled":true,"jetpack_shortlink":"https:\/\/wp.me\/p9fihK-1Cq","_links":{"self":[{"href":"http:\/\/dsrmedios.com.ar\/diario\/wp-json\/wp\/v2\/posts\/6226"}],"collection":[{"href":"http:\/\/dsrmedios.com.ar\/diario\/wp-json\/wp\/v2\/posts"}],"about":[{"href":"http:\/\/dsrmedios.com.ar\/diario\/wp-json\/wp\/v2\/types\/post"}],"author":[{"embeddable":true,"href":"http:\/\/dsrmedios.com.ar\/diario\/wp-json\/wp\/v2\/users\/5"}],"replies":[{"embeddable":true,"href":"http:\/\/dsrmedios.com.ar\/diario\/wp-json\/wp\/v2\/comments?post=6226"}],"version-history":[{"count":1,"href":"http:\/\/dsrmedios.com.ar\/diario\/wp-json\/wp\/v2\/posts\/6226\/revisions"}],"predecessor-version":[{"id":6228,"href":"http:\/\/dsrmedios.com.ar\/diario\/wp-json\/wp\/v2\/posts\/6226\/revisions\/6228"}],"wp:featuredmedia":[{"embeddable":true,"href":"http:\/\/dsrmedios.com.ar\/diario\/wp-json\/wp\/v2\/media\/6227"}],"wp:attachment":[{"href":"http:\/\/dsrmedios.com.ar\/diario\/wp-json\/wp\/v2\/media?parent=6226"}],"wp:term":[{"taxonomy":"category","embeddable":true,"href":"http:\/\/dsrmedios.com.ar\/diario\/wp-json\/wp\/v2\/categories?post=6226"},{"taxonomy":"post_tag","embeddable":true,"href":"http:\/\/dsrmedios.com.ar\/diario\/wp-json\/wp\/v2\/tags?post=6226"}],"curies":[{"name":"wp","href":"https:\/\/api.w.org\/{rel}","templated":true}]}}