{"id":6217,"date":"2018-06-06T09:13:01","date_gmt":"2018-06-06T12:13:01","guid":{"rendered":"http:\/\/dsrmedios.com.ar\/diario\/?p=6217"},"modified":"2018-06-06T09:13:01","modified_gmt":"2018-06-06T12:13:01","slug":"aseguran-que-la-pobreza-en-el-pais-aumentara-de-manera-sensible-en-los-proximos-meses","status":"publish","type":"post","link":"http:\/\/dsrmedios.com.ar\/diario\/archivos\/6217","title":{"rendered":"Aseguran que la pobreza en el pa\u00eds aumentar\u00e1 de manera sensible en los pr\u00f3ximos meses"},"content":{"rendered":"<p>El escenario proyectado de traslado de la devaluaci\u00f3n a precios , aumento de tarifas y econom\u00eda estancada golpear\u00e1 en los pr\u00f3ximos meses a los sectores menos favorecidos. Los especialistas coinciden en que las pr\u00f3ximas mediciones de pobreza , las que reflejen los datos del primer semestre de 2018, no dar\u00e1n buenas noticias.<\/p>\n<p>Un movimiento de dos o tres puntos porcentuales significa centenares de miles -y hasta m\u00e1s de un mill\u00f3n- de personas que no llegan a pagar alimentos y otros bienes y servicios b\u00e1sicos como la electricidad o el transporte. Agust\u00edn Salvia, director del Observatorio de la Deuda Social de la Universidad Cat\u00f3lica Argentina (UCA), detall\u00f3 los motivos detr\u00e1s de las proyecciones.<\/p>\n<p>Aumento de tarifas<br \/>\nTrenes y colectivos, gas, electricidad. El aumento de tarifas es el factor que se refleja m\u00e1s patente en la medici\u00f3n de pobreza. La Canasta B\u00e1sica Total (CBT), aquel conjunto de bienes y servicios al que deber\u00eda poder acceder una persona para no ser considerada pobre, incluye varios de los elementos que ser\u00e1n considerablemente m\u00e1s caros.<\/p>\n<p>&nbsp;<\/p>\n<p>Seg\u00fan las empresas, la luz deber\u00eda subir otro 4% en agosto por la inflaci\u00f3n<\/p>\n<p>Unilever: \u201cNo hay ninguna raz\u00f3n para pensar que la inflaci\u00f3n se puede espiralizar\u201d<br \/>\nSalvia explica que, aun as\u00ed, el impacto del aumento de tarifas &#8220;no estar\u00e1 bien reflejado en la CBT&#8221; porque, cuando el Indec actualiz\u00f3 la medici\u00f3n de la pobreza en 2016 utiliz\u00f3 como punto de partida los gastos de los hogares de clase media baja de principios de la d\u00e9cada del 2000, cuando todav\u00eda los precios de los servicios estaban planchados y no requer\u00edan un mayor esfuerzo del bolsillo.<\/p>\n<p>Mayor inflaci\u00f3n<br \/>\nAdem\u00e1s del peso de las tarifas, es probable que en la inflaci\u00f3n de los pr\u00f3ximos meses se vean reflejadas las consecuencias de la corrida cambiaria en mayo pasado, con aumentos en alimentos como la harina. Quienes m\u00e1s lo notar\u00e1n, dice Salvia, son las personas que est\u00e1n m\u00e1s cerca de la l\u00ednea de pobreza: &#8220;Los ingresos mensuales ya no alcanzan para comprar las mismas cosas, y la priorizaci\u00f3n del gasto para pagar servicios b\u00e1sicos har\u00e1 que se dejen de lado otros bienes donde la demanda responde m\u00e1s a precio&#8221;, explica.<\/p>\n<p>El investigador aclara que la p\u00e9rdida de poder adquisitivo por el aumento de los alimentos y de los servicios se traducir\u00e1 en menos trabajo para los sectores informales, aquellos que incluyen micropymes y peque\u00f1os comercios, entre otros.<\/p>\n<p>fuente:www.lanacion.com<\/p>\n","protected":false},"excerpt":{"rendered":"<div class=\"mh-excerpt\"><p>El escenario proyectado de traslado de la devaluaci\u00f3n a precios , aumento de tarifas y econom\u00eda estancada golpear\u00e1 en los pr\u00f3ximos meses a los sectores menos favorecidos. Los especialistas coinciden en que las pr\u00f3ximas mediciones de pobreza , las que reflejen los datos del primer semestre de 2018, no dar\u00e1n buenas noticias. Un movimiento de dos o tres puntos porcentuales significa centenares de miles -y hasta m\u00e1s de un mill\u00f3n- de personas que no llegan a pagar alimentos y otros bienes y servicios b\u00e1sicos como la electricidad o el transporte. Agust\u00edn Salvia, director del Observatorio de la Deuda Social de <a class=\"mh-excerpt-more\" href=\"http:\/\/dsrmedios.com.ar\/diario\/archivos\/6217\" title=\"Aseguran que la pobreza en el pa\u00eds aumentar\u00e1 de manera sensible en los pr\u00f3ximos meses\">[Leer m\u00e1s]<\/a><\/p>\n<\/div>","protected":false},"author":5,"featured_media":6218,"comment_status":"open","ping_status":"closed","sticky":false,"template":"","format":"standard","meta":{"_jetpack_newsletter_access":""},"categories":[18,6],"tags":[],"jetpack_featured_media_url":"http:\/\/dsrmedios.com.ar\/diario\/wp-content\/uploads\/2018\/06\/pobreza.jpg","jetpack_sharing_enabled":true,"jetpack_shortlink":"https:\/\/wp.me\/p9fihK-1Ch","_links":{"self":[{"href":"http:\/\/dsrmedios.com.ar\/diario\/wp-json\/wp\/v2\/posts\/6217"}],"collection":[{"href":"http:\/\/dsrmedios.com.ar\/diario\/wp-json\/wp\/v2\/posts"}],"about":[{"href":"http:\/\/dsrmedios.com.ar\/diario\/wp-json\/wp\/v2\/types\/post"}],"author":[{"embeddable":true,"href":"http:\/\/dsrmedios.com.ar\/diario\/wp-json\/wp\/v2\/users\/5"}],"replies":[{"embeddable":true,"href":"http:\/\/dsrmedios.com.ar\/diario\/wp-json\/wp\/v2\/comments?post=6217"}],"version-history":[{"count":1,"href":"http:\/\/dsrmedios.com.ar\/diario\/wp-json\/wp\/v2\/posts\/6217\/revisions"}],"predecessor-version":[{"id":6219,"href":"http:\/\/dsrmedios.com.ar\/diario\/wp-json\/wp\/v2\/posts\/6217\/revisions\/6219"}],"wp:featuredmedia":[{"embeddable":true,"href":"http:\/\/dsrmedios.com.ar\/diario\/wp-json\/wp\/v2\/media\/6218"}],"wp:attachment":[{"href":"http:\/\/dsrmedios.com.ar\/diario\/wp-json\/wp\/v2\/media?parent=6217"}],"wp:term":[{"taxonomy":"category","embeddable":true,"href":"http:\/\/dsrmedios.com.ar\/diario\/wp-json\/wp\/v2\/categories?post=6217"},{"taxonomy":"post_tag","embeddable":true,"href":"http:\/\/dsrmedios.com.ar\/diario\/wp-json\/wp\/v2\/tags?post=6217"}],"curies":[{"name":"wp","href":"https:\/\/api.w.org\/{rel}","templated":true}]}}