{"id":6210,"date":"2018-06-06T08:42:42","date_gmt":"2018-06-06T11:42:42","guid":{"rendered":"http:\/\/dsrmedios.com.ar\/diario\/?p=6210"},"modified":"2018-06-06T08:46:00","modified_gmt":"2018-06-06T11:46:00","slug":"6210","status":"publish","type":"post","link":"http:\/\/dsrmedios.com.ar\/diario\/archivos\/6210","title":{"rendered":"La Gobernadora anunci\u00f3 medidas para favorecer a las Pymes en la provincia"},"content":{"rendered":"<p>La gobernadora bonaerense, Mar\u00eda Eugenia Vidal, anunciar\u00e1 este martes medidas para favorecer a las Pymes, entre ellas una l\u00ednea de cr\u00e9ditos del Banco Provincia por m\u00e1s de $ 11 mil millones. El anuncio de la mandataria ser\u00e1 realizado este martes en Villa Martelli, partido de Vicente L\u00f3pez.<\/p>\n<p>Aunque no se brindaron detalles, trascendi\u00f3 que la gobernadora realizar\u00e1 anuncios para \u201cpromover el desarrollo de las peque\u00f1as y medianas empresas\u201d, que incluir\u00e1 l\u00edneas de cr\u00e9dito financiadas por el Banco Provincia.<\/p>\n<p>De este modo, Vidal volver\u00e1 al centro de la escena para anunciar, en un contexto de retracci\u00f3n y dificultades para acceder a cr\u00e9ditos productivos a ra\u00edz de la suba de tasas del Central, un \u201cauxilio\u201d para peque\u00f1as y medianas empresas, de las m\u00e1s perjudicadas por las \u00faltimas medidas macroecon\u00f3micas.<\/p>\n","protected":false},"excerpt":{"rendered":"<div class=\"mh-excerpt\"><p>La gobernadora bonaerense, Mar\u00eda Eugenia Vidal, anunciar\u00e1 este martes medidas para favorecer a las Pymes, entre ellas una l\u00ednea de cr\u00e9ditos del Banco Provincia por m\u00e1s de $ 11 mil millones. El anuncio de la mandataria ser\u00e1 realizado este martes en Villa Martelli, partido de Vicente L\u00f3pez. Aunque no se brindaron detalles, trascendi\u00f3 que la gobernadora realizar\u00e1 anuncios para \u201cpromover el desarrollo de las peque\u00f1as y medianas empresas\u201d, que incluir\u00e1 l\u00edneas de cr\u00e9dito financiadas por el Banco Provincia. De este modo, Vidal volver\u00e1 al centro de la escena para anunciar, en un contexto de retracci\u00f3n y dificultades para acceder a <a class=\"mh-excerpt-more\" href=\"http:\/\/dsrmedios.com.ar\/diario\/archivos\/6210\" title=\"La Gobernadora anunci\u00f3 medidas para favorecer a las Pymes en la provincia\">[Leer m\u00e1s]<\/a><\/p>\n<\/div>","protected":false},"author":5,"featured_media":6211,"comment_status":"open","ping_status":"closed","sticky":false,"template":"","format":"standard","meta":{"_jetpack_newsletter_access":""},"categories":[18,7],"tags":[],"jetpack_featured_media_url":"http:\/\/dsrmedios.com.ar\/diario\/wp-content\/uploads\/2018\/06\/vidal1.jpg","jetpack_sharing_enabled":true,"jetpack_shortlink":"https:\/\/wp.me\/s9fihK-6210","_links":{"self":[{"href":"http:\/\/dsrmedios.com.ar\/diario\/wp-json\/wp\/v2\/posts\/6210"}],"collection":[{"href":"http:\/\/dsrmedios.com.ar\/diario\/wp-json\/wp\/v2\/posts"}],"about":[{"href":"http:\/\/dsrmedios.com.ar\/diario\/wp-json\/wp\/v2\/types\/post"}],"author":[{"embeddable":true,"href":"http:\/\/dsrmedios.com.ar\/diario\/wp-json\/wp\/v2\/users\/5"}],"replies":[{"embeddable":true,"href":"http:\/\/dsrmedios.com.ar\/diario\/wp-json\/wp\/v2\/comments?post=6210"}],"version-history":[{"count":2,"href":"http:\/\/dsrmedios.com.ar\/diario\/wp-json\/wp\/v2\/posts\/6210\/revisions"}],"predecessor-version":[{"id":6213,"href":"http:\/\/dsrmedios.com.ar\/diario\/wp-json\/wp\/v2\/posts\/6210\/revisions\/6213"}],"wp:featuredmedia":[{"embeddable":true,"href":"http:\/\/dsrmedios.com.ar\/diario\/wp-json\/wp\/v2\/media\/6211"}],"wp:attachment":[{"href":"http:\/\/dsrmedios.com.ar\/diario\/wp-json\/wp\/v2\/media?parent=6210"}],"wp:term":[{"taxonomy":"category","embeddable":true,"href":"http:\/\/dsrmedios.com.ar\/diario\/wp-json\/wp\/v2\/categories?post=6210"},{"taxonomy":"post_tag","embeddable":true,"href":"http:\/\/dsrmedios.com.ar\/diario\/wp-json\/wp\/v2\/tags?post=6210"}],"curies":[{"name":"wp","href":"https:\/\/api.w.org\/{rel}","templated":true}]}}