{"id":6191,"date":"2018-06-05T08:48:20","date_gmt":"2018-06-05T11:48:20","guid":{"rendered":"http:\/\/dsrmedios.com.ar\/diario\/?p=6191"},"modified":"2018-06-05T08:48:20","modified_gmt":"2018-06-05T11:48:20","slug":"el-frio-se-anticipo-al-invierno-y-nos-esta-dando-una-muestra-de-lo-que-se-viene","status":"publish","type":"post","link":"http:\/\/dsrmedios.com.ar\/diario\/archivos\/6191","title":{"rendered":"El fr\u00edo se anticip\u00f3 al invierno y nos est\u00e1 dando una muestra de lo que se viene"},"content":{"rendered":"<p>A menos de tres semanas para que llegue el invierno, el fr\u00edo se hizo sentir ya este domingo por la ma\u00f1ana m\u00e1s de la mitad del pa\u00eds registr\u00f3 temperaturas de cinco grados o por debajo de esa marca.<\/p>\n<p>Durante las primeras horas de la jornada, la temperatura m\u00ednima m\u00e1s baja de toda la Argentina se produjo en la Base Belgrano de la Ant\u00e1rtida, a las 9:00, con -13,7 grados y una t\u00e9rmica de -22,2\u00b0.<\/p>\n<p>En tanto, en la zona continental la parte m\u00e1s fr\u00eda, de acuerdo a lo informado por el Servicio Meteorol\u00f3gico Nacional (SMN), se registr\u00f3 en la localidad rionegrina de Maquinchao, con -10,2 grados, seguido por la santacruce\u00f1a de Perito Moreno (-7,7\u00b0) y la mendocina de Uspallata (-6,1\u00b0).<\/p>\n<p>En tanto, las localidades que registraron las temperaturas m\u00e1s elevadas a esa misma hora fueron la misionera de Iguaz\u00fa (10,4\u00b0), la salte\u00f1a de Rivadavia (10,3\u00b0) y la capital formose\u00f1a (9,7\u00b0), precis\u00f3 el organismo.<\/p>\n<p>fuente:www.noticias argentinas.com<\/p>\n","protected":false},"excerpt":{"rendered":"<div class=\"mh-excerpt\"><p>A menos de tres semanas para que llegue el invierno, el fr\u00edo se hizo sentir ya este domingo por la ma\u00f1ana m\u00e1s de la mitad del pa\u00eds registr\u00f3 temperaturas de cinco grados o por debajo de esa marca. Durante las primeras horas de la jornada, la temperatura m\u00ednima m\u00e1s baja de toda la Argentina se produjo en la Base Belgrano de la Ant\u00e1rtida, a las 9:00, con -13,7 grados y una t\u00e9rmica de -22,2\u00b0. En tanto, en la zona continental la parte m\u00e1s fr\u00eda, de acuerdo a lo informado por el Servicio Meteorol\u00f3gico Nacional (SMN), se registr\u00f3 en la localidad <a class=\"mh-excerpt-more\" href=\"http:\/\/dsrmedios.com.ar\/diario\/archivos\/6191\" title=\"El fr\u00edo se anticip\u00f3 al invierno y nos est\u00e1 dando una muestra de lo que se viene\">[Leer m\u00e1s]<\/a><\/p>\n<\/div>","protected":false},"author":5,"featured_media":6192,"comment_status":"open","ping_status":"closed","sticky":false,"template":"","format":"standard","meta":{"_jetpack_newsletter_access":""},"categories":[18,6],"tags":[],"jetpack_featured_media_url":"http:\/\/dsrmedios.com.ar\/diario\/wp-content\/uploads\/2018\/06\/frio1_4.jpg","jetpack_sharing_enabled":true,"jetpack_shortlink":"https:\/\/wp.me\/p9fihK-1BR","_links":{"self":[{"href":"http:\/\/dsrmedios.com.ar\/diario\/wp-json\/wp\/v2\/posts\/6191"}],"collection":[{"href":"http:\/\/dsrmedios.com.ar\/diario\/wp-json\/wp\/v2\/posts"}],"about":[{"href":"http:\/\/dsrmedios.com.ar\/diario\/wp-json\/wp\/v2\/types\/post"}],"author":[{"embeddable":true,"href":"http:\/\/dsrmedios.com.ar\/diario\/wp-json\/wp\/v2\/users\/5"}],"replies":[{"embeddable":true,"href":"http:\/\/dsrmedios.com.ar\/diario\/wp-json\/wp\/v2\/comments?post=6191"}],"version-history":[{"count":1,"href":"http:\/\/dsrmedios.com.ar\/diario\/wp-json\/wp\/v2\/posts\/6191\/revisions"}],"predecessor-version":[{"id":6193,"href":"http:\/\/dsrmedios.com.ar\/diario\/wp-json\/wp\/v2\/posts\/6191\/revisions\/6193"}],"wp:featuredmedia":[{"embeddable":true,"href":"http:\/\/dsrmedios.com.ar\/diario\/wp-json\/wp\/v2\/media\/6192"}],"wp:attachment":[{"href":"http:\/\/dsrmedios.com.ar\/diario\/wp-json\/wp\/v2\/media?parent=6191"}],"wp:term":[{"taxonomy":"category","embeddable":true,"href":"http:\/\/dsrmedios.com.ar\/diario\/wp-json\/wp\/v2\/categories?post=6191"},{"taxonomy":"post_tag","embeddable":true,"href":"http:\/\/dsrmedios.com.ar\/diario\/wp-json\/wp\/v2\/tags?post=6191"}],"curies":[{"name":"wp","href":"https:\/\/api.w.org\/{rel}","templated":true}]}}