{"id":6182,"date":"2018-06-05T08:37:42","date_gmt":"2018-06-05T11:37:42","guid":{"rendered":"http:\/\/dsrmedios.com.ar\/diario\/?p=6182"},"modified":"2018-06-05T08:37:42","modified_gmt":"2018-06-05T11:37:42","slug":"la-cgt-analiza-hacer-un-paro-antes-del-mundial-de-futbol-2019","status":"publish","type":"post","link":"http:\/\/dsrmedios.com.ar\/diario\/archivos\/6182","title":{"rendered":"La CGT analiza hacer un paro antes del mundial de f\u00fatbol 2019"},"content":{"rendered":"<p>La Confederaci\u00f3n General del Trabajo (CGT) convocar\u00e1 el pr\u00f3ximo jueves a un paro general que se realizar\u00eda poco antes del inicio del Mundial de F\u00fatbol, en rechazo a las pol\u00edticas del Gobierno, seg\u00fan anticiparon los miembros del triunvirato Juan Carlos Schmid y H\u00e9ctor Daer.<\/p>\n<p>La fecha que suena con m\u00e1s fuerza para concretar la tercera huelga de la central obrera en la gesti\u00f3n de Mauricio Macri es el martes 12 de junio, dos d\u00edas antes de que comience la Copa del Mundo de Rusia.<\/p>\n<p>Schmid anticip\u00f3 que la central obrera anunciar\u00e1 la medida de fuerza en el marco de una reuni\u00f3n del Consejo Directivo y critic\u00f3 el programa econ\u00f3mico del Gobierno porque, se\u00f1al\u00f3, &#8220;ha escuchado a los sectores m\u00e1s concentrados de la econom\u00eda y no la voz de los trabajadores&#8221;.<\/p>\n<p>fuente:www.noticiasargentinas.com.ar<\/p>\n","protected":false},"excerpt":{"rendered":"<div class=\"mh-excerpt\"><p>La Confederaci\u00f3n General del Trabajo (CGT) convocar\u00e1 el pr\u00f3ximo jueves a un paro general que se realizar\u00eda poco antes del inicio del Mundial de F\u00fatbol, en rechazo a las pol\u00edticas del Gobierno, seg\u00fan anticiparon los miembros del triunvirato Juan Carlos Schmid y H\u00e9ctor Daer. La fecha que suena con m\u00e1s fuerza para concretar la tercera huelga de la central obrera en la gesti\u00f3n de Mauricio Macri es el martes 12 de junio, dos d\u00edas antes de que comience la Copa del Mundo de Rusia. Schmid anticip\u00f3 que la central obrera anunciar\u00e1 la medida de fuerza en el marco de una <a class=\"mh-excerpt-more\" href=\"http:\/\/dsrmedios.com.ar\/diario\/archivos\/6182\" title=\"La CGT analiza hacer un paro antes del mundial de f\u00fatbol 2019\">[Leer m\u00e1s]<\/a><\/p>\n<\/div>","protected":false},"author":5,"featured_media":6183,"comment_status":"open","ping_status":"closed","sticky":false,"template":"","format":"standard","meta":{"_jetpack_newsletter_access":""},"categories":[18,6],"tags":[],"jetpack_featured_media_url":"http:\/\/dsrmedios.com.ar\/diario\/wp-content\/uploads\/2018\/06\/cgt.jpg","jetpack_sharing_enabled":true,"jetpack_shortlink":"https:\/\/wp.me\/p9fihK-1BI","_links":{"self":[{"href":"http:\/\/dsrmedios.com.ar\/diario\/wp-json\/wp\/v2\/posts\/6182"}],"collection":[{"href":"http:\/\/dsrmedios.com.ar\/diario\/wp-json\/wp\/v2\/posts"}],"about":[{"href":"http:\/\/dsrmedios.com.ar\/diario\/wp-json\/wp\/v2\/types\/post"}],"author":[{"embeddable":true,"href":"http:\/\/dsrmedios.com.ar\/diario\/wp-json\/wp\/v2\/users\/5"}],"replies":[{"embeddable":true,"href":"http:\/\/dsrmedios.com.ar\/diario\/wp-json\/wp\/v2\/comments?post=6182"}],"version-history":[{"count":1,"href":"http:\/\/dsrmedios.com.ar\/diario\/wp-json\/wp\/v2\/posts\/6182\/revisions"}],"predecessor-version":[{"id":6184,"href":"http:\/\/dsrmedios.com.ar\/diario\/wp-json\/wp\/v2\/posts\/6182\/revisions\/6184"}],"wp:featuredmedia":[{"embeddable":true,"href":"http:\/\/dsrmedios.com.ar\/diario\/wp-json\/wp\/v2\/media\/6183"}],"wp:attachment":[{"href":"http:\/\/dsrmedios.com.ar\/diario\/wp-json\/wp\/v2\/media?parent=6182"}],"wp:term":[{"taxonomy":"category","embeddable":true,"href":"http:\/\/dsrmedios.com.ar\/diario\/wp-json\/wp\/v2\/categories?post=6182"},{"taxonomy":"post_tag","embeddable":true,"href":"http:\/\/dsrmedios.com.ar\/diario\/wp-json\/wp\/v2\/tags?post=6182"}],"curies":[{"name":"wp","href":"https:\/\/api.w.org\/{rel}","templated":true}]}}