{"id":6171,"date":"2018-06-04T09:20:46","date_gmt":"2018-06-04T12:20:46","guid":{"rendered":"http:\/\/dsrmedios.com.ar\/diario\/?p=6171"},"modified":"2018-06-04T09:20:46","modified_gmt":"2018-06-04T12:20:46","slug":"analizan-la-posibilidad-de-instalar-el-same-en-nuestro-distrito","status":"publish","type":"post","link":"http:\/\/dsrmedios.com.ar\/diario\/archivos\/6171","title":{"rendered":"Analizan la posibilidad de instalar el SAME en nuestro distrito"},"content":{"rendered":"<p>El Intendente David Hirtz se reuni\u00f3 con Federico Pupillo, Coordinador General de Emergencia del Ministerio de Salud de la Provincia para conocer la invitaci\u00f3n al Municipio a adherir al Servicio de Asistencia M\u00e9dica de Emergencia (SAME).<br \/>\nEl Intendente calific\u00f3 al SAME como un \u201cavance cualitativo muy importante en materia de salud\u201d dado que permite acceder a un servicio de alta tecnolog\u00eda, capacitaci\u00f3n y a una red de emergencia de toda la provincia.<br \/>\nAl mismo tiempo marc\u00f3 que implica \u201cuna responsabilidad\u201d por parte del Municipio puesto que requiere la adecuaci\u00f3n de \u00e1reas y procesos seg\u00fan protocolos estandarizados.<br \/>\nEl siguiente paso para determinar la adhesi\u00f3n al SAME es la evaluaci\u00f3n local por parte de las autoridades de salud y su tratamiento en el Concejo Deliberante.<br \/>\nEl SAME Provincia es el primer servicio de emergencias del Estado bonaerense que brinda atenci\u00f3n m\u00e9dica de calidad y a tiempo en casos de accidentes o urgencias en la v\u00eda p\u00fablica.<br \/>\nDesde el 2016 el SAME se est\u00e1 implementando en los distintos distritos con el objetivo de cubrir todo el territorio bonaerense.<\/p>\n","protected":false},"excerpt":{"rendered":"<div class=\"mh-excerpt\"><p>El Intendente David Hirtz se reuni\u00f3 con Federico Pupillo, Coordinador General de Emergencia del Ministerio de Salud de la Provincia para conocer la invitaci\u00f3n al Municipio a adherir al Servicio de Asistencia M\u00e9dica de Emergencia (SAME). El Intendente calific\u00f3 al SAME como un \u201cavance cualitativo muy importante en materia de salud\u201d dado que permite acceder a un servicio de alta tecnolog\u00eda, capacitaci\u00f3n y a una red de emergencia de toda la provincia. Al mismo tiempo marc\u00f3 que implica \u201cuna responsabilidad\u201d por parte del Municipio puesto que requiere la adecuaci\u00f3n de \u00e1reas y procesos seg\u00fan protocolos estandarizados. El siguiente paso para <a class=\"mh-excerpt-more\" href=\"http:\/\/dsrmedios.com.ar\/diario\/archivos\/6171\" title=\"Analizan la posibilidad de instalar el SAME en nuestro distrito\">[Leer m\u00e1s]<\/a><\/p>\n<\/div>","protected":false},"author":5,"featured_media":6172,"comment_status":"open","ping_status":"closed","sticky":false,"template":"","format":"standard","meta":{"_jetpack_newsletter_access":""},"categories":[18,31,5],"tags":[],"jetpack_featured_media_url":"http:\/\/dsrmedios.com.ar\/diario\/wp-content\/uploads\/2018\/06\/same.jpg","jetpack_sharing_enabled":true,"jetpack_shortlink":"https:\/\/wp.me\/p9fihK-1Bx","_links":{"self":[{"href":"http:\/\/dsrmedios.com.ar\/diario\/wp-json\/wp\/v2\/posts\/6171"}],"collection":[{"href":"http:\/\/dsrmedios.com.ar\/diario\/wp-json\/wp\/v2\/posts"}],"about":[{"href":"http:\/\/dsrmedios.com.ar\/diario\/wp-json\/wp\/v2\/types\/post"}],"author":[{"embeddable":true,"href":"http:\/\/dsrmedios.com.ar\/diario\/wp-json\/wp\/v2\/users\/5"}],"replies":[{"embeddable":true,"href":"http:\/\/dsrmedios.com.ar\/diario\/wp-json\/wp\/v2\/comments?post=6171"}],"version-history":[{"count":1,"href":"http:\/\/dsrmedios.com.ar\/diario\/wp-json\/wp\/v2\/posts\/6171\/revisions"}],"predecessor-version":[{"id":6173,"href":"http:\/\/dsrmedios.com.ar\/diario\/wp-json\/wp\/v2\/posts\/6171\/revisions\/6173"}],"wp:featuredmedia":[{"embeddable":true,"href":"http:\/\/dsrmedios.com.ar\/diario\/wp-json\/wp\/v2\/media\/6172"}],"wp:attachment":[{"href":"http:\/\/dsrmedios.com.ar\/diario\/wp-json\/wp\/v2\/media?parent=6171"}],"wp:term":[{"taxonomy":"category","embeddable":true,"href":"http:\/\/dsrmedios.com.ar\/diario\/wp-json\/wp\/v2\/categories?post=6171"},{"taxonomy":"post_tag","embeddable":true,"href":"http:\/\/dsrmedios.com.ar\/diario\/wp-json\/wp\/v2\/tags?post=6171"}],"curies":[{"name":"wp","href":"https:\/\/api.w.org\/{rel}","templated":true}]}}