{"id":6161,"date":"2018-06-04T09:09:03","date_gmt":"2018-06-04T12:09:03","guid":{"rendered":"http:\/\/dsrmedios.com.ar\/diario\/?p=6161"},"modified":"2018-06-04T09:09:03","modified_gmt":"2018-06-04T12:09:03","slug":"solicitan-la-llegada-de-nuevos-moviles-policiales-para-nuestro-distrito","status":"publish","type":"post","link":"http:\/\/dsrmedios.com.ar\/diario\/archivos\/6161","title":{"rendered":"Solicitan la llegada de nuevos m\u00f3viles policiales para nuestro distrito"},"content":{"rendered":"<p>El Intendente David Hirtz se reuni\u00f3 con Andr\u00e9s Fern\u00e1ndez Sansone, Director Provincial de Relaciones Institucionales del Ministerio de Seguridad para solicitar la entrega de M\u00f3viles para la polic\u00eda comunal y para la patrulla rural .<br \/>\nDesde Seguridad Provincial aceptaron la solicitud y se comprometieron a trabajar para concretar la entrega de m\u00f3viles policiales a Adolfo Alsina.<\/p>\n","protected":false},"excerpt":{"rendered":"<div class=\"mh-excerpt\"><p>El Intendente David Hirtz se reuni\u00f3 con Andr\u00e9s Fern\u00e1ndez Sansone, Director Provincial de Relaciones Institucionales del Ministerio de Seguridad para solicitar la entrega de M\u00f3viles para la polic\u00eda comunal y para la patrulla rural . Desde Seguridad Provincial aceptaron la solicitud y se comprometieron a trabajar para concretar la entrega de m\u00f3viles policiales a Adolfo Alsina.<\/p>\n<\/div>","protected":false},"author":5,"featured_media":6162,"comment_status":"open","ping_status":"closed","sticky":false,"template":"","format":"standard","meta":{"_jetpack_newsletter_access":""},"categories":[18,31,5],"tags":[],"jetpack_featured_media_url":"http:\/\/dsrmedios.com.ar\/diario\/wp-content\/uploads\/2018\/06\/davidhirtz.jpeg","jetpack_sharing_enabled":true,"jetpack_shortlink":"https:\/\/wp.me\/p9fihK-1Bn","_links":{"self":[{"href":"http:\/\/dsrmedios.com.ar\/diario\/wp-json\/wp\/v2\/posts\/6161"}],"collection":[{"href":"http:\/\/dsrmedios.com.ar\/diario\/wp-json\/wp\/v2\/posts"}],"about":[{"href":"http:\/\/dsrmedios.com.ar\/diario\/wp-json\/wp\/v2\/types\/post"}],"author":[{"embeddable":true,"href":"http:\/\/dsrmedios.com.ar\/diario\/wp-json\/wp\/v2\/users\/5"}],"replies":[{"embeddable":true,"href":"http:\/\/dsrmedios.com.ar\/diario\/wp-json\/wp\/v2\/comments?post=6161"}],"version-history":[{"count":1,"href":"http:\/\/dsrmedios.com.ar\/diario\/wp-json\/wp\/v2\/posts\/6161\/revisions"}],"predecessor-version":[{"id":6163,"href":"http:\/\/dsrmedios.com.ar\/diario\/wp-json\/wp\/v2\/posts\/6161\/revisions\/6163"}],"wp:featuredmedia":[{"embeddable":true,"href":"http:\/\/dsrmedios.com.ar\/diario\/wp-json\/wp\/v2\/media\/6162"}],"wp:attachment":[{"href":"http:\/\/dsrmedios.com.ar\/diario\/wp-json\/wp\/v2\/media?parent=6161"}],"wp:term":[{"taxonomy":"category","embeddable":true,"href":"http:\/\/dsrmedios.com.ar\/diario\/wp-json\/wp\/v2\/categories?post=6161"},{"taxonomy":"post_tag","embeddable":true,"href":"http:\/\/dsrmedios.com.ar\/diario\/wp-json\/wp\/v2\/tags?post=6161"}],"curies":[{"name":"wp","href":"https:\/\/api.w.org\/{rel}","templated":true}]}}