{"id":6159,"date":"2018-06-04T08:59:51","date_gmt":"2018-06-04T11:59:51","guid":{"rendered":"http:\/\/dsrmedios.com.ar\/diario\/?p=6159"},"modified":"2018-06-04T08:59:51","modified_gmt":"2018-06-04T11:59:51","slug":"suteba-denuncio-recortes-en-la-educacion-de-la-provincia-de-buenos-aires","status":"publish","type":"post","link":"http:\/\/dsrmedios.com.ar\/diario\/archivos\/6159","title":{"rendered":"Suteba denunci\u00f3 recortes en la educaci\u00f3n de la provincia de Buenos Aires"},"content":{"rendered":"<p>El Sindicato Unificado de Trabajadores de la Educaci\u00f3n de Buenos Aires (Suteba) denunci\u00f3 recortes del Gobierno provincial de un 30% en el presupuesto de Educaci\u00f3n Superior con respecto al a\u00f1o pasado.<\/p>\n<p>&#8220;En 2018, el presupuesto destinado a Educaci\u00f3n Superior es 30% menos en relaci\u00f3n a 2017&#8221;, apunt\u00f3 el gremio a trav\u00e9s de una campa\u00f1a en las redes sociales.<\/p>\n<p>Seg\u00fan el sindicato que lidera Roberto Baradel, el Gobierno tambi\u00e9n avanza con el &#8220;cierre de programas socioeducativos&#8221;. &#8220;Cerraron programas de Educaci\u00f3n y Derechos Humanos, Radios y Acompa\u00f1amiento de Conectar Igualdad&#8221;, aseguraron.<\/p>\n<p>Asimismo, advirti\u00f3 sobre la &#8220;eliminaci\u00f3n del Plan de Mejoras Institucionales&#8221; que permit\u00edan optimizar &#8220;las condiciones de ense\u00f1anza y fomentar la investigaci\u00f3n&#8221;; y la falta de nombramientos de cargos. Suteba asegur\u00f3 que el &#8220;40% de los institutos a\u00fan no comenzaron las clases en su totalidad&#8221; por esta situaci\u00f3n.<\/p>\n<p>fuente:www.aninoticias.com<\/p>\n","protected":false},"excerpt":{"rendered":"<div class=\"mh-excerpt\"><p>El Sindicato Unificado de Trabajadores de la Educaci\u00f3n de Buenos Aires (Suteba) denunci\u00f3 recortes del Gobierno provincial de un 30% en el presupuesto de Educaci\u00f3n Superior con respecto al a\u00f1o pasado. &#8220;En 2018, el presupuesto destinado a Educaci\u00f3n Superior es 30% menos en relaci\u00f3n a 2017&#8221;, apunt\u00f3 el gremio a trav\u00e9s de una campa\u00f1a en las redes sociales. Seg\u00fan el sindicato que lidera Roberto Baradel, el Gobierno tambi\u00e9n avanza con el &#8220;cierre de programas socioeducativos&#8221;. &#8220;Cerraron programas de Educaci\u00f3n y Derechos Humanos, Radios y Acompa\u00f1amiento de Conectar Igualdad&#8221;, aseguraron. Asimismo, advirti\u00f3 sobre la &#8220;eliminaci\u00f3n del Plan de Mejoras Institucionales&#8221; que <a class=\"mh-excerpt-more\" href=\"http:\/\/dsrmedios.com.ar\/diario\/archivos\/6159\" title=\"Suteba denunci\u00f3 recortes en la educaci\u00f3n de la provincia de Buenos Aires\">[Leer m\u00e1s]<\/a><\/p>\n<\/div>","protected":false},"author":5,"featured_media":3700,"comment_status":"open","ping_status":"closed","sticky":false,"template":"","format":"standard","meta":{"_jetpack_newsletter_access":""},"categories":[18,7],"tags":[],"jetpack_featured_media_url":"http:\/\/dsrmedios.com.ar\/diario\/wp-content\/uploads\/2018\/01\/baradel_7.jpg","jetpack_sharing_enabled":true,"jetpack_shortlink":"https:\/\/wp.me\/p9fihK-1Bl","_links":{"self":[{"href":"http:\/\/dsrmedios.com.ar\/diario\/wp-json\/wp\/v2\/posts\/6159"}],"collection":[{"href":"http:\/\/dsrmedios.com.ar\/diario\/wp-json\/wp\/v2\/posts"}],"about":[{"href":"http:\/\/dsrmedios.com.ar\/diario\/wp-json\/wp\/v2\/types\/post"}],"author":[{"embeddable":true,"href":"http:\/\/dsrmedios.com.ar\/diario\/wp-json\/wp\/v2\/users\/5"}],"replies":[{"embeddable":true,"href":"http:\/\/dsrmedios.com.ar\/diario\/wp-json\/wp\/v2\/comments?post=6159"}],"version-history":[{"count":1,"href":"http:\/\/dsrmedios.com.ar\/diario\/wp-json\/wp\/v2\/posts\/6159\/revisions"}],"predecessor-version":[{"id":6160,"href":"http:\/\/dsrmedios.com.ar\/diario\/wp-json\/wp\/v2\/posts\/6159\/revisions\/6160"}],"wp:featuredmedia":[{"embeddable":true,"href":"http:\/\/dsrmedios.com.ar\/diario\/wp-json\/wp\/v2\/media\/3700"}],"wp:attachment":[{"href":"http:\/\/dsrmedios.com.ar\/diario\/wp-json\/wp\/v2\/media?parent=6159"}],"wp:term":[{"taxonomy":"category","embeddable":true,"href":"http:\/\/dsrmedios.com.ar\/diario\/wp-json\/wp\/v2\/categories?post=6159"},{"taxonomy":"post_tag","embeddable":true,"href":"http:\/\/dsrmedios.com.ar\/diario\/wp-json\/wp\/v2\/tags?post=6159"}],"curies":[{"name":"wp","href":"https:\/\/api.w.org\/{rel}","templated":true}]}}