{"id":6153,"date":"2018-06-04T08:56:40","date_gmt":"2018-06-04T11:56:40","guid":{"rendered":"http:\/\/dsrmedios.com.ar\/diario\/?p=6153"},"modified":"2018-06-04T08:56:40","modified_gmt":"2018-06-04T11:56:40","slug":"y-los-combustibles-vuelven-a-subir-a-pesar-de-todo","status":"publish","type":"post","link":"http:\/\/dsrmedios.com.ar\/diario\/archivos\/6153","title":{"rendered":"Y los combustibles vuelven a subir a pesar de todo&#8230;"},"content":{"rendered":"<p>Pese a los esfuerzos del ministro de Energ\u00eda y Miner\u00eda, Juan Jos\u00e9 Aranguren, por intentar congelar los precios de los combustibles durante dos meses, las empresas petroleras tienen cada vez m\u00e1s presi\u00f3n para aumentar las naftas y el gasoil en los pr\u00f3ximos d\u00edas.<\/p>\n<p>La suba, estimada en el nivel de 1,6%, se debe a la modificaci\u00f3n del Impuesto a los Combustibles (ITC), que figura en el Decreto 501\/2018 publicado hoy en el Bolet\u00edn Oficial.<\/p>\n<p>Pese al acuerdo para poner en pausa los precios de los combustibles hasta el 1\u00b0 de julio, esta resoluci\u00f3n es un tema que corre paralelo a la actualizaci\u00f3n del impuesto a la comercializaci\u00f3n.<\/p>\n<p>En concreto, el impacto en los surtidores ser\u00e1 de 41 centavos en las naftas y de 27 centavos en el gasoil. Teniendo en cuenta que el litro de s\u00faper en las estaciones YPF de la ciudad de Buenos Aires se paga $ 25,24 y el gasoil com\u00fan $ 22,06, las petroleras podr\u00e1n aplicar un ajuste de hasta 1,62% para la primera y de 1,22% para el segundo. Sin embargo, la decisi\u00f3n de trasladar el impuesto quedar\u00e1 en manos de las compa\u00f1\u00edas.<\/p>\n","protected":false},"excerpt":{"rendered":"<div class=\"mh-excerpt\"><p>Pese a los esfuerzos del ministro de Energ\u00eda y Miner\u00eda, Juan Jos\u00e9 Aranguren, por intentar congelar los precios de los combustibles durante dos meses, las empresas petroleras tienen cada vez m\u00e1s presi\u00f3n para aumentar las naftas y el gasoil en los pr\u00f3ximos d\u00edas. La suba, estimada en el nivel de 1,6%, se debe a la modificaci\u00f3n del Impuesto a los Combustibles (ITC), que figura en el Decreto 501\/2018 publicado hoy en el Bolet\u00edn Oficial. Pese al acuerdo para poner en pausa los precios de los combustibles hasta el 1\u00b0 de julio, esta resoluci\u00f3n es un tema que corre paralelo a <a class=\"mh-excerpt-more\" href=\"http:\/\/dsrmedios.com.ar\/diario\/archivos\/6153\" title=\"Y los combustibles vuelven a subir a pesar de todo&#8230;\">[Leer m\u00e1s]<\/a><\/p>\n<\/div>","protected":false},"author":5,"featured_media":3292,"comment_status":"open","ping_status":"closed","sticky":false,"template":"","format":"standard","meta":{"_jetpack_newsletter_access":""},"categories":[18,6],"tags":[],"jetpack_featured_media_url":"http:\/\/dsrmedios.com.ar\/diario\/wp-content\/uploads\/2018\/01\/combustibes.jpg","jetpack_sharing_enabled":true,"jetpack_shortlink":"https:\/\/wp.me\/p9fihK-1Bf","_links":{"self":[{"href":"http:\/\/dsrmedios.com.ar\/diario\/wp-json\/wp\/v2\/posts\/6153"}],"collection":[{"href":"http:\/\/dsrmedios.com.ar\/diario\/wp-json\/wp\/v2\/posts"}],"about":[{"href":"http:\/\/dsrmedios.com.ar\/diario\/wp-json\/wp\/v2\/types\/post"}],"author":[{"embeddable":true,"href":"http:\/\/dsrmedios.com.ar\/diario\/wp-json\/wp\/v2\/users\/5"}],"replies":[{"embeddable":true,"href":"http:\/\/dsrmedios.com.ar\/diario\/wp-json\/wp\/v2\/comments?post=6153"}],"version-history":[{"count":1,"href":"http:\/\/dsrmedios.com.ar\/diario\/wp-json\/wp\/v2\/posts\/6153\/revisions"}],"predecessor-version":[{"id":6154,"href":"http:\/\/dsrmedios.com.ar\/diario\/wp-json\/wp\/v2\/posts\/6153\/revisions\/6154"}],"wp:featuredmedia":[{"embeddable":true,"href":"http:\/\/dsrmedios.com.ar\/diario\/wp-json\/wp\/v2\/media\/3292"}],"wp:attachment":[{"href":"http:\/\/dsrmedios.com.ar\/diario\/wp-json\/wp\/v2\/media?parent=6153"}],"wp:term":[{"taxonomy":"category","embeddable":true,"href":"http:\/\/dsrmedios.com.ar\/diario\/wp-json\/wp\/v2\/categories?post=6153"},{"taxonomy":"post_tag","embeddable":true,"href":"http:\/\/dsrmedios.com.ar\/diario\/wp-json\/wp\/v2\/tags?post=6153"}],"curies":[{"name":"wp","href":"https:\/\/api.w.org\/{rel}","templated":true}]}}