{"id":6147,"date":"2018-06-01T10:36:09","date_gmt":"2018-06-01T13:36:09","guid":{"rendered":"http:\/\/dsrmedios.com.ar\/diario\/?p=6147"},"modified":"2018-06-01T10:54:34","modified_gmt":"2018-06-01T13:54:34","slug":"desde-el-suteba-denuncian-que-vidal-le-miente-a-la-sociedad","status":"publish","type":"post","link":"http:\/\/dsrmedios.com.ar\/diario\/archivos\/6147","title":{"rendered":"Desde el Suteba denuncian que \u201cVidal le miente a la sociedad\u201d"},"content":{"rendered":"<p>El Secretario General del SUTEBA, Roberto Baradel, afirm\u00f3 este jueves que las declaraciones formuladas por la gobernadora Mar\u00eda Eugenia Vidal respecto al crecimiento del 46% de la matr\u00edcula en Educaci\u00f3n de Adultos \u201ces otro cap\u00edtulo en las mentiras\u201d de la mandataria y que esa informaci\u00f3n es totalmente falsa y mal intencionada.<\/p>\n<p>&#8220;Este es otro cap\u00edtulo en las mentiras de la Gobernadora Vidal, le miente a la sociedad y agrede a los Docentes. As\u00ed Vidal manifiesta la concepci\u00f3n que tiene de la Educaci\u00f3n P\u00fablica, demostrado en cierre de Escuelas Rurales, de Islas y hablando mal de la Universidad&#8221;, precis\u00f3 el dirigente gremial.<\/p>\n<p>A trav\u00e9s de un comunicado, desde el gremio se explic\u00f3 en referencia al anuncio que \u201cse trata de un traspaso de los Estudiantes de Bachilleratos de Adultos (BAO) a los Centros Educativos de Nivel Secundario (CENS). Asimismo, informamos que miles de adultos a\u00fan no han iniciado las clases por falta de nombramientos de cargos\u201d.<\/p>\n<p>\u201cCreen que la Educaci\u00f3n es un gasto que deben recortar y que los sectores m\u00e1s vulnerables no deben ir a la Universidad. Frente a este ajuste, seguimos luchando para defender el acceso de todos los ciudadanos a la Educaci\u00f3n P\u00fablica&#8221;, advirti\u00f3 Baradel.<\/p>\n","protected":false},"excerpt":{"rendered":"<div class=\"mh-excerpt\"><p>El Secretario General del SUTEBA, Roberto Baradel, afirm\u00f3 este jueves que las declaraciones formuladas por la gobernadora Mar\u00eda Eugenia Vidal respecto al crecimiento del 46% de la matr\u00edcula en Educaci\u00f3n de Adultos \u201ces otro cap\u00edtulo en las mentiras\u201d de la mandataria y que esa informaci\u00f3n es totalmente falsa y mal intencionada. &#8220;Este es otro cap\u00edtulo en las mentiras de la Gobernadora Vidal, le miente a la sociedad y agrede a los Docentes. As\u00ed Vidal manifiesta la concepci\u00f3n que tiene de la Educaci\u00f3n P\u00fablica, demostrado en cierre de Escuelas Rurales, de Islas y hablando mal de la Universidad&#8221;, precis\u00f3 el dirigente <a class=\"mh-excerpt-more\" href=\"http:\/\/dsrmedios.com.ar\/diario\/archivos\/6147\" title=\"Desde el Suteba denuncian que \u201cVidal le miente a la sociedad\u201d\">[Leer m\u00e1s]<\/a><\/p>\n<\/div>","protected":false},"author":5,"featured_media":6148,"comment_status":"open","ping_status":"closed","sticky":false,"template":"","format":"standard","meta":{"_jetpack_newsletter_access":""},"categories":[18,7,1],"tags":[],"jetpack_featured_media_url":"http:\/\/dsrmedios.com.ar\/diario\/wp-content\/uploads\/2018\/06\/docentes-paritaria_3.jpg","jetpack_sharing_enabled":true,"jetpack_shortlink":"https:\/\/wp.me\/p9fihK-1B9","_links":{"self":[{"href":"http:\/\/dsrmedios.com.ar\/diario\/wp-json\/wp\/v2\/posts\/6147"}],"collection":[{"href":"http:\/\/dsrmedios.com.ar\/diario\/wp-json\/wp\/v2\/posts"}],"about":[{"href":"http:\/\/dsrmedios.com.ar\/diario\/wp-json\/wp\/v2\/types\/post"}],"author":[{"embeddable":true,"href":"http:\/\/dsrmedios.com.ar\/diario\/wp-json\/wp\/v2\/users\/5"}],"replies":[{"embeddable":true,"href":"http:\/\/dsrmedios.com.ar\/diario\/wp-json\/wp\/v2\/comments?post=6147"}],"version-history":[{"count":1,"href":"http:\/\/dsrmedios.com.ar\/diario\/wp-json\/wp\/v2\/posts\/6147\/revisions"}],"predecessor-version":[{"id":6149,"href":"http:\/\/dsrmedios.com.ar\/diario\/wp-json\/wp\/v2\/posts\/6147\/revisions\/6149"}],"wp:featuredmedia":[{"embeddable":true,"href":"http:\/\/dsrmedios.com.ar\/diario\/wp-json\/wp\/v2\/media\/6148"}],"wp:attachment":[{"href":"http:\/\/dsrmedios.com.ar\/diario\/wp-json\/wp\/v2\/media?parent=6147"}],"wp:term":[{"taxonomy":"category","embeddable":true,"href":"http:\/\/dsrmedios.com.ar\/diario\/wp-json\/wp\/v2\/categories?post=6147"},{"taxonomy":"post_tag","embeddable":true,"href":"http:\/\/dsrmedios.com.ar\/diario\/wp-json\/wp\/v2\/tags?post=6147"}],"curies":[{"name":"wp","href":"https:\/\/api.w.org\/{rel}","templated":true}]}}