{"id":6144,"date":"2018-06-01T10:27:28","date_gmt":"2018-06-01T13:27:28","guid":{"rendered":"http:\/\/dsrmedios.com.ar\/diario\/?p=6144"},"modified":"2018-06-01T10:27:28","modified_gmt":"2018-06-01T13:27:28","slug":"crecio-un-46-el-numero-de-alumnos-adultos-en-la-provincia-de-bs-as","status":"publish","type":"post","link":"http:\/\/dsrmedios.com.ar\/diario\/archivos\/6144","title":{"rendered":"Creci\u00f3 un 46% el n\u00famero de alumnos adultos en la Provincia de Bs. As."},"content":{"rendered":"<p>La gobernadora de la provincia de Buenos Aires, Mar\u00eda Eugenia Vidal, anunci\u00f3 hoy que m\u00e1s de cien mil personas se incorporaron este a\u00f1o a la educaci\u00f3n primaria y secundaria para adultos en todo el territorio bonaerense, y asever\u00f3 que &#8220;el camino&#8221; del aprendizaje &#8220;es la verdadera herramienta para salir de la pobreza&#8221;.<\/p>\n<p>&#8220;Para que todos tengan su oportunidad, tenemos que apoyar la educaci\u00f3n p\u00fablica, desde el nivel inicial hasta la universidad p\u00fablica\u201d, sostuvo Vidal y resalt\u00f3: \u201cTanto lo hemos hecho, en el caso de la universidad p\u00fablica, que somos el primer gobierno, despu\u00e9s de 40 a\u00f1os, que puso en marcha el boleto estudiantil y despu\u00e9s de much\u00edsimos reclamos, hoy llega a 15 universidades del conurbano, ratificando nuestro apoyo a la educaci\u00f3n p\u00fablica&#8221;.<\/p>\n<p>Durante un acto realizado en la Casa de Gobierno en la ciudad de La Plata junto al Director General de Cultura y Educaci\u00f3n, Gabriel Sanchez Zinny, Vidal sostuvo que &#8220;para llegar a la Universidad, antes tiene que haber un Estado que de la oportunidad de terminar la primaria y la secundaria. Ese camino lo tenemos que hacer entre todos, sin especulaciones pol\u00edticas y sin grietas&#8221;.<\/p>\n<p>Antes del anuncio, Vidal y Sanchez Zinny recibieron en el despacho de la gobernadora a un grupo de alumnos adultos que volvieron a estudiar en el 2018.<\/p>\n<p>&#8220;Este a\u00f1o creci\u00f3 la oferta educativa y la inscripci\u00f3n de adultos en un 46 por ciento. Hoy hay 111.000 bonaerenses mayores de 18 a\u00f1os m\u00e1s, en relaci\u00f3n con el a\u00f1o pasado, que decidieron terminar la secundaria&#8221;, afirm\u00f3.<\/p>\n<p>La gobernadora precis\u00f3 que la educaci\u00f3n permite adem\u00e1s &#8220;recuperar el valor que nos transmitieron nuestros abuelos y padres, que esforzarse vale la pena. No hay edad para aprender, uno siempre tiene algo m\u00e1s que aprender&#8221;, y a\u00f1adi\u00f3 que &#8220;para los que no completaron la secundaria, es mucho m\u00e1s dif\u00edcil tener un trabajo formal, en blanco, con todo lo que corresponde, para mejorar los ingresos y su vida&#8221;.<\/p>\n","protected":false},"excerpt":{"rendered":"<div class=\"mh-excerpt\"><p>La gobernadora de la provincia de Buenos Aires, Mar\u00eda Eugenia Vidal, anunci\u00f3 hoy que m\u00e1s de cien mil personas se incorporaron este a\u00f1o a la educaci\u00f3n primaria y secundaria para adultos en todo el territorio bonaerense, y asever\u00f3 que &#8220;el camino&#8221; del aprendizaje &#8220;es la verdadera herramienta para salir de la pobreza&#8221;. &#8220;Para que todos tengan su oportunidad, tenemos que apoyar la educaci\u00f3n p\u00fablica, desde el nivel inicial hasta la universidad p\u00fablica\u201d, sostuvo Vidal y resalt\u00f3: \u201cTanto lo hemos hecho, en el caso de la universidad p\u00fablica, que somos el primer gobierno, despu\u00e9s de 40 a\u00f1os, que puso en marcha <a class=\"mh-excerpt-more\" href=\"http:\/\/dsrmedios.com.ar\/diario\/archivos\/6144\" title=\"Creci\u00f3 un 46% el n\u00famero de alumnos adultos en la Provincia de Bs. As.\">[Leer m\u00e1s]<\/a><\/p>\n<\/div>","protected":false},"author":5,"featured_media":6145,"comment_status":"open","ping_status":"closed","sticky":false,"template":"","format":"standard","meta":{"_jetpack_newsletter_access":""},"categories":[18,7],"tags":[],"jetpack_featured_media_url":"http:\/\/dsrmedios.com.ar\/diario\/wp-content\/uploads\/2018\/06\/vidal_adultos.jpg","jetpack_sharing_enabled":true,"jetpack_shortlink":"https:\/\/wp.me\/p9fihK-1B6","_links":{"self":[{"href":"http:\/\/dsrmedios.com.ar\/diario\/wp-json\/wp\/v2\/posts\/6144"}],"collection":[{"href":"http:\/\/dsrmedios.com.ar\/diario\/wp-json\/wp\/v2\/posts"}],"about":[{"href":"http:\/\/dsrmedios.com.ar\/diario\/wp-json\/wp\/v2\/types\/post"}],"author":[{"embeddable":true,"href":"http:\/\/dsrmedios.com.ar\/diario\/wp-json\/wp\/v2\/users\/5"}],"replies":[{"embeddable":true,"href":"http:\/\/dsrmedios.com.ar\/diario\/wp-json\/wp\/v2\/comments?post=6144"}],"version-history":[{"count":1,"href":"http:\/\/dsrmedios.com.ar\/diario\/wp-json\/wp\/v2\/posts\/6144\/revisions"}],"predecessor-version":[{"id":6146,"href":"http:\/\/dsrmedios.com.ar\/diario\/wp-json\/wp\/v2\/posts\/6144\/revisions\/6146"}],"wp:featuredmedia":[{"embeddable":true,"href":"http:\/\/dsrmedios.com.ar\/diario\/wp-json\/wp\/v2\/media\/6145"}],"wp:attachment":[{"href":"http:\/\/dsrmedios.com.ar\/diario\/wp-json\/wp\/v2\/media?parent=6144"}],"wp:term":[{"taxonomy":"category","embeddable":true,"href":"http:\/\/dsrmedios.com.ar\/diario\/wp-json\/wp\/v2\/categories?post=6144"},{"taxonomy":"post_tag","embeddable":true,"href":"http:\/\/dsrmedios.com.ar\/diario\/wp-json\/wp\/v2\/tags?post=6144"}],"curies":[{"name":"wp","href":"https:\/\/api.w.org\/{rel}","templated":true}]}}