{"id":6141,"date":"2018-06-01T10:24:01","date_gmt":"2018-06-01T13:24:01","guid":{"rendered":"http:\/\/dsrmedios.com.ar\/diario\/?p=6141"},"modified":"2018-06-01T10:24:30","modified_gmt":"2018-06-01T13:24:30","slug":"divididos-celebrara-sus-30-anos-con-la-musica-en-la-ciudad-de-bahia-blanca","status":"publish","type":"post","link":"http:\/\/dsrmedios.com.ar\/diario\/archivos\/6141","title":{"rendered":"Divididos celebrar\u00e1 sus 30 a\u00f1os con la m\u00fasica en la ciudad de Bah\u00eda Blanca"},"content":{"rendered":"<p>Luego de su exitoso show en el Luna Park, y mientras preparan un novedoso material para celebrar sus primeros 30 a\u00f1os de historia, &#8220;Divididos&#8221; regresa a Bah\u00eda Blanca. (Pod\u00e9s comprar ahora mismo tu entrada ac\u00e1)<\/p>\n<p>Hace poco m\u00e1s de una semana &#8220;Divididos&#8221; volvi\u00f3 a presentarse con entradas agotadas en Capital Federal. El tr\u00edo hizo un repaso por su hist\u00f3rico repertorio, volviendo a tocar la canci\u00f3n Caballos de la Noche (La Foca) que formar\u00e1 parte de la regrabaci\u00f3n de su primer \u00e1lbum, pr\u00f3xima a editarse.<\/p>\n<p>Luego de este concierto empezar\u00e1n una gira nacional celebrando los 30 a\u00f1os de la banda donde Bah\u00eda Blanca tendr\u00e1 un lugar muy especial. La noche del 9 de junio, el d\u00eda previo al aniversario, actuar\u00e1n en el Predio Ferial de la Corporaci\u00f3n (Fisa). (Compr\u00e1 tu entrada ahora ac\u00e1)<\/p>\n<p>El mes pasado el tr\u00edo lanz\u00f3 en sus redes sociales una entrevista, donde cuentan la historia de esta regrabaci\u00f3n, contenido del cual su primer cap\u00edtulo ya puede verse de modo audiovisual en el canal oficial de YouTube.<\/p>\n","protected":false},"excerpt":{"rendered":"<div class=\"mh-excerpt\"><p>Luego de su exitoso show en el Luna Park, y mientras preparan un novedoso material para celebrar sus primeros 30 a\u00f1os de historia, &#8220;Divididos&#8221; regresa a Bah\u00eda Blanca. (Pod\u00e9s comprar ahora mismo tu entrada ac\u00e1) Hace poco m\u00e1s de una semana &#8220;Divididos&#8221; volvi\u00f3 a presentarse con entradas agotadas en Capital Federal. El tr\u00edo hizo un repaso por su hist\u00f3rico repertorio, volviendo a tocar la canci\u00f3n Caballos de la Noche (La Foca) que formar\u00e1 parte de la regrabaci\u00f3n de su primer \u00e1lbum, pr\u00f3xima a editarse. Luego de este concierto empezar\u00e1n una gira nacional celebrando los 30 a\u00f1os de la banda donde <a class=\"mh-excerpt-more\" href=\"http:\/\/dsrmedios.com.ar\/diario\/archivos\/6141\" title=\"Divididos celebrar\u00e1 sus 30 a\u00f1os con la m\u00fasica en la ciudad de Bah\u00eda Blanca\">[Leer m\u00e1s]<\/a><\/p>\n<\/div>","protected":false},"author":5,"featured_media":6142,"comment_status":"open","ping_status":"closed","sticky":false,"template":"","format":"standard","meta":{"_jetpack_newsletter_access":""},"categories":[18,6],"tags":[],"jetpack_featured_media_url":"http:\/\/dsrmedios.com.ar\/diario\/wp-content\/uploads\/2018\/06\/dividiso.jpg","jetpack_sharing_enabled":true,"jetpack_shortlink":"https:\/\/wp.me\/p9fihK-1B3","_links":{"self":[{"href":"http:\/\/dsrmedios.com.ar\/diario\/wp-json\/wp\/v2\/posts\/6141"}],"collection":[{"href":"http:\/\/dsrmedios.com.ar\/diario\/wp-json\/wp\/v2\/posts"}],"about":[{"href":"http:\/\/dsrmedios.com.ar\/diario\/wp-json\/wp\/v2\/types\/post"}],"author":[{"embeddable":true,"href":"http:\/\/dsrmedios.com.ar\/diario\/wp-json\/wp\/v2\/users\/5"}],"replies":[{"embeddable":true,"href":"http:\/\/dsrmedios.com.ar\/diario\/wp-json\/wp\/v2\/comments?post=6141"}],"version-history":[{"count":1,"href":"http:\/\/dsrmedios.com.ar\/diario\/wp-json\/wp\/v2\/posts\/6141\/revisions"}],"predecessor-version":[{"id":6143,"href":"http:\/\/dsrmedios.com.ar\/diario\/wp-json\/wp\/v2\/posts\/6141\/revisions\/6143"}],"wp:featuredmedia":[{"embeddable":true,"href":"http:\/\/dsrmedios.com.ar\/diario\/wp-json\/wp\/v2\/media\/6142"}],"wp:attachment":[{"href":"http:\/\/dsrmedios.com.ar\/diario\/wp-json\/wp\/v2\/media?parent=6141"}],"wp:term":[{"taxonomy":"category","embeddable":true,"href":"http:\/\/dsrmedios.com.ar\/diario\/wp-json\/wp\/v2\/categories?post=6141"},{"taxonomy":"post_tag","embeddable":true,"href":"http:\/\/dsrmedios.com.ar\/diario\/wp-json\/wp\/v2\/tags?post=6141"}],"curies":[{"name":"wp","href":"https:\/\/api.w.org\/{rel}","templated":true}]}}