{"id":6138,"date":"2018-06-01T10:21:31","date_gmt":"2018-06-01T13:21:31","guid":{"rendered":"http:\/\/dsrmedios.com.ar\/diario\/?p=6138"},"modified":"2018-06-01T10:21:31","modified_gmt":"2018-06-01T13:21:31","slug":"las-dos-cta-impulsan-un-paro-nacional-para-el-8-de-junio","status":"publish","type":"post","link":"http:\/\/dsrmedios.com.ar\/diario\/archivos\/6138","title":{"rendered":"Las dos CTA impulsan un paro nacional para el 8 de junio"},"content":{"rendered":"<p>La CTA Aut\u00f3noma y la CTA de los Trabajadores preparan un paro con movilizaci\u00f3n &#8220;en todas las plazas del pa\u00eds&#8221; para el viernes 8 de junio, tras el veto anunciado por el presidente Mauricio Macri a la ley que busca retraer los aumentos tarifarios aprobada ayer por el Senado de la Naci\u00f3n.<\/p>\n<p>Seg\u00fan advirtieron a trav\u00e9s de un comunicado, las dos CTA resolvieron &#8220;convocar a un plenario nacional, con el objetivo de proponer un gran paro nacional, con movilizaciones en todas las plazas del pa\u00eds, para el pr\u00f3ximo viernes 8 de junio&#8221;.<\/p>\n<p>El plenario en cuesti\u00f3n se realizar\u00e1 el lunes a las 10 horas en la sede de la CTA de los trabajadores, ubicada en Piedras 1065 de Capital Federal. En ese marco, las confederaciones definir\u00e1n otra movilizaci\u00f3n a Plaza de Mayo que podr\u00eda ser masiva, como la Marcha Federal Educativa que se desarroll\u00f3 a mediados de mayo y la que protagonizar\u00e1n distintas organizaciones el viernes por &#8220;pan y trabajo&#8221;.<\/p>\n<p>&#8220;El presidente dice que el aumento de tarifas iguala a los argentinos. Es cierto: a todos nos cuesta m\u00e1s llegar a fin de mes&#8221;, se quej\u00f3 hoy el actual secretario general de la CTA de los Trabajadores Hugo Yasky.<\/p>\n<p>En tanto, el titular de la CTA Aut\u00f3noma, Pablo Micheli, fue contundente y adelant\u00f3 que avanzar\u00e1n con la medida de fuerza. &#8220;Ante las justificaciones injustificadas de Macri, le recordamos: habr\u00e1 paro nacional contundente&#8221;, escribi\u00f3 el dirigente en su cuenta de Twitter.<\/p>\n<p>Fuente: www.aninoticias.com<\/p>\n","protected":false},"excerpt":{"rendered":"<div class=\"mh-excerpt\"><p>La CTA Aut\u00f3noma y la CTA de los Trabajadores preparan un paro con movilizaci\u00f3n &#8220;en todas las plazas del pa\u00eds&#8221; para el viernes 8 de junio, tras el veto anunciado por el presidente Mauricio Macri a la ley que busca retraer los aumentos tarifarios aprobada ayer por el Senado de la Naci\u00f3n. Seg\u00fan advirtieron a trav\u00e9s de un comunicado, las dos CTA resolvieron &#8220;convocar a un plenario nacional, con el objetivo de proponer un gran paro nacional, con movilizaciones en todas las plazas del pa\u00eds, para el pr\u00f3ximo viernes 8 de junio&#8221;. El plenario en cuesti\u00f3n se realizar\u00e1 el lunes <a class=\"mh-excerpt-more\" href=\"http:\/\/dsrmedios.com.ar\/diario\/archivos\/6138\" title=\"Las dos CTA impulsan un paro nacional para el 8 de junio\">[Leer m\u00e1s]<\/a><\/p>\n<\/div>","protected":false},"author":5,"featured_media":6139,"comment_status":"open","ping_status":"closed","sticky":false,"template":"","format":"standard","meta":{"_jetpack_newsletter_access":""},"categories":[18,6],"tags":[],"jetpack_featured_media_url":"http:\/\/dsrmedios.com.ar\/diario\/wp-content\/uploads\/2018\/06\/cta_0.jpg","jetpack_sharing_enabled":true,"jetpack_shortlink":"https:\/\/wp.me\/p9fihK-1B0","_links":{"self":[{"href":"http:\/\/dsrmedios.com.ar\/diario\/wp-json\/wp\/v2\/posts\/6138"}],"collection":[{"href":"http:\/\/dsrmedios.com.ar\/diario\/wp-json\/wp\/v2\/posts"}],"about":[{"href":"http:\/\/dsrmedios.com.ar\/diario\/wp-json\/wp\/v2\/types\/post"}],"author":[{"embeddable":true,"href":"http:\/\/dsrmedios.com.ar\/diario\/wp-json\/wp\/v2\/users\/5"}],"replies":[{"embeddable":true,"href":"http:\/\/dsrmedios.com.ar\/diario\/wp-json\/wp\/v2\/comments?post=6138"}],"version-history":[{"count":1,"href":"http:\/\/dsrmedios.com.ar\/diario\/wp-json\/wp\/v2\/posts\/6138\/revisions"}],"predecessor-version":[{"id":6140,"href":"http:\/\/dsrmedios.com.ar\/diario\/wp-json\/wp\/v2\/posts\/6138\/revisions\/6140"}],"wp:featuredmedia":[{"embeddable":true,"href":"http:\/\/dsrmedios.com.ar\/diario\/wp-json\/wp\/v2\/media\/6139"}],"wp:attachment":[{"href":"http:\/\/dsrmedios.com.ar\/diario\/wp-json\/wp\/v2\/media?parent=6138"}],"wp:term":[{"taxonomy":"category","embeddable":true,"href":"http:\/\/dsrmedios.com.ar\/diario\/wp-json\/wp\/v2\/categories?post=6138"},{"taxonomy":"post_tag","embeddable":true,"href":"http:\/\/dsrmedios.com.ar\/diario\/wp-json\/wp\/v2\/tags?post=6138"}],"curies":[{"name":"wp","href":"https:\/\/api.w.org\/{rel}","templated":true}]}}