{"id":6118,"date":"2018-05-29T09:10:54","date_gmt":"2018-05-29T12:10:54","guid":{"rendered":"http:\/\/dsrmedios.com.ar\/diario\/?p=6118"},"modified":"2018-05-29T09:10:54","modified_gmt":"2018-05-29T12:10:54","slug":"parte-de-prensa-policial","status":"publish","type":"post","link":"http:\/\/dsrmedios.com.ar\/diario\/archivos\/6118","title":{"rendered":"Parte de Prensa policial"},"content":{"rendered":"<p><strong><u>HURTO AUTOMOTOR<\/u><\/strong><\/p>\n<p>El d\u00eda 23 de Mayo de 2.018, siendo las 00:15 horas, se tom\u00f3 conocimiento en la Estaci\u00f3n de Polic\u00eda Comunal Carhu\u00e9 a ra\u00edz de un llamado telef\u00f3nico efectuado por una ciudadana mayor de edad, que instantes previos autores ignorados le hab\u00edan sustra\u00eddo sin ejercer violencia el autom\u00f3vil de su propiedad marca Renault 12, color blanco, dominio WVR883, en ocasi\u00f3n que se encontraba estacionado en la v\u00eda p\u00fablica frente a su domicilio, situado en la planta urbana de esta ciudad.-<\/p>\n<p>De inmediato se dispuso un urgente operativo cerrojo transmitiendo la novedad a las Dependencias lim\u00edtrofes, aboc\u00e1ndose la totalidad del personal policial a efectuar recorridas tanto por el ejido urbano como la zona rural, como as\u00ed tambi\u00e9n a practicar las averiguaciones pertinentes, todo ello con el fin de localizar al rodado sustra\u00eddo y proceder a la detenci\u00f3n de su\/s ocupante\/s.<\/p>\n<p>A ra\u00edz de estas tareas investigativas, se logr\u00f3 hallar el veh\u00edculo en cuesti\u00f3n abandonado en un camino rural, distante a unos trece kil\u00f3metros de la planta urbana de esta ciudad, llevando a cabo la incautaci\u00f3n del mismo, al cual le hab\u00edan da\u00f1ado el parabrisas.<\/p>\n<p>Continuando con las laborales iniciadas a ra\u00edz de este hecho delictivo, el personal policial identific\u00f3 al autor del il\u00edcito de menci\u00f3n, resultando ser un ciudadano de 18 a\u00f1os de edad, el cual si bien no es oriundo de esta ciudad, reside actualmente en Carhu\u00e9.<\/p>\n<p>En el marco de las Actuaciones labradas, se recepcion\u00f3 denuncia a la ciudadana damnificada, inform\u00e1ndose adem\u00e1s que personal de la Secci\u00f3n Pericial Descentralizada de Adolfo Alsina efectu\u00f3 las pericias correspondientes sobre el rodado.-<\/p>\n<p>En tal oportunidad, se iniciaron Actuaciones Prevencionales caratuladas \u201cHURTO AUTOMOTOR\u201d, bajo la intervenci\u00f3n de la Unidad Funcional de Instrucci\u00f3n n\u00b0 3 del Departamento Judicial de Trenque Lauquen a cargo del Dr. JUAN MARTIN GARRIZ, aguard\u00e1ndose directivas por parte de la Fiscal\u00eda en cuanto a la situaci\u00f3n procesal del imputado.-<\/p>\n<p>&nbsp;<\/p>\n<p><strong><u>LESIONES POR ACCIDENTE\u00a0\u00a0\u00a0 <\/u><\/strong><\/p>\n<p>El d\u00eda 25 de Mayo de 2.018, siendo las 10:00 horas, se recibi\u00f3 un llamado telef\u00f3nico en la Estaci\u00f3n de Polic\u00eda Comunal Carhu\u00e9 en donde informaron que hab\u00eda ocurrido un accidente laboral en una obra situada en el Barrio Villa Azul de este medio.<\/p>\n<p>Personal policial se present\u00f3 de inmediato en el lugar indicado, el cual resulta ser una cancha para practicar F\u00fatbol 5 en etapa de remodelaci\u00f3n, en donde constat\u00f3 que por causas que se investigan, un obrero de 19 a\u00f1os de edad, domiciliado en esta ciudad, se cay\u00f3 desde el techo al pisar una de las chapas translucidas.<\/p>\n<p>La v\u00edctima fue trasladada al Hospital Municipal local en donde recibi\u00f3 la atenci\u00f3n m\u00e9dica correspondiente, siendo luego derivado al Hospital Interzonal General de Agudos Dr. Jos\u00e9 Penna de la ciudad de Bah\u00eda Blanca en raz\u00f3n de las lesiones que presentaba.<\/p>\n<p>Numerarios de la Secci\u00f3n Pericial Descentralizada de Adolfo Alsina efectuaron las tareas periciales correspondientes en el lugar del hecho.<\/p>\n<p>Se iniciaron Actuaciones Prevencionales caratuladas \u201cLESIONES POR ACCIDENTE\u201d, bajo la intervenci\u00f3n de la Unidad Funcional de Instrucci\u00f3n n\u00b0 3 del Departamento Judicial de Trenque Lauquen a cargo del Dr. JUAN MARTIN GARRIZ.-<\/p>\n<p>&nbsp;<\/p>\n<p><strong><u>MUERTE POR ACCIDENTE\u00a0\u00a0\u00a0 <\/u><\/strong><\/p>\n<p>El d\u00eda 26 de Mayo de 2.018, siendo las 11:30 horas, se tom\u00f3 conocimiento en la Estaci\u00f3n de Polic\u00eda Comunal Carhu\u00e9 que hab\u00eda ocurrido un accidente laboral en la intersecci\u00f3n de las calles Pellegrini y Lavalle de esta ciudad.<\/p>\n<p>Por este motivo personal policial se present\u00f3 en ese sector, en donde constat\u00f3 que por causas que resultan materia de investigaci\u00f3n, un ciudadano mayor de edad con domicilio en este medio, en oportunidad que estaba trabajando sujeto a un poste de madera, se produjo la quebradura del mismo, ocasionando la ca\u00edda hacia el suelo de esta persona.<\/p>\n<p>La v\u00edctima fue trasladada al Hospital Municipal local, en cuyo sitio se produjo el deceso como consecuencias de las lesiones que presentaba a ra\u00edz del siniestro.<\/p>\n<p>En el lugar del hecho se practicaron las pericias correspondientes por parte de personal de la Secci\u00f3n Pericial Descentralizada de Adolfo Alsina, incaut\u00e1ndose el poste nombrado.<\/p>\n<p>Se labraron Se iniciaron Actuaciones Prevencionales caratuladas \u201cLESIONES POR ACCIDENTE\u201d, bajo la intervenci\u00f3n de la Unidad Funcional de Instrucci\u00f3n n\u00b0 3 del Departamento Judicial de Trenque Lauquen a cargo del Dr. JUAN MARTIN GARRIZ.-<\/p>\n","protected":false},"excerpt":{"rendered":"<div class=\"mh-excerpt\"><p>HURTO AUTOMOTOR El d\u00eda 23 de Mayo de 2.018, siendo las 00:15 horas, se tom\u00f3 conocimiento en la Estaci\u00f3n de Polic\u00eda Comunal Carhu\u00e9 a ra\u00edz de un llamado telef\u00f3nico efectuado por una ciudadana mayor de edad, que instantes previos autores ignorados le hab\u00edan sustra\u00eddo sin ejercer violencia el autom\u00f3vil de su propiedad marca Renault 12, color blanco, dominio WVR883, en ocasi\u00f3n que se encontraba estacionado en la v\u00eda p\u00fablica frente a su domicilio, situado en la planta urbana de esta ciudad.- De inmediato se dispuso un urgente operativo cerrojo transmitiendo la novedad a las Dependencias lim\u00edtrofes, aboc\u00e1ndose la totalidad del <a class=\"mh-excerpt-more\" href=\"http:\/\/dsrmedios.com.ar\/diario\/archivos\/6118\" title=\"Parte de Prensa policial\">[Leer m\u00e1s]<\/a><\/p>\n<\/div>","protected":false},"author":5,"featured_media":5333,"comment_status":"open","ping_status":"closed","sticky":false,"template":"","format":"standard","meta":{"_jetpack_newsletter_access":""},"categories":[18,31],"tags":[],"jetpack_featured_media_url":"http:\/\/dsrmedios.com.ar\/diario\/wp-content\/uploads\/2018\/04\/roboauto.jpg","jetpack_sharing_enabled":true,"jetpack_shortlink":"https:\/\/wp.me\/p9fihK-1AG","_links":{"self":[{"href":"http:\/\/dsrmedios.com.ar\/diario\/wp-json\/wp\/v2\/posts\/6118"}],"collection":[{"href":"http:\/\/dsrmedios.com.ar\/diario\/wp-json\/wp\/v2\/posts"}],"about":[{"href":"http:\/\/dsrmedios.com.ar\/diario\/wp-json\/wp\/v2\/types\/post"}],"author":[{"embeddable":true,"href":"http:\/\/dsrmedios.com.ar\/diario\/wp-json\/wp\/v2\/users\/5"}],"replies":[{"embeddable":true,"href":"http:\/\/dsrmedios.com.ar\/diario\/wp-json\/wp\/v2\/comments?post=6118"}],"version-history":[{"count":1,"href":"http:\/\/dsrmedios.com.ar\/diario\/wp-json\/wp\/v2\/posts\/6118\/revisions"}],"predecessor-version":[{"id":6119,"href":"http:\/\/dsrmedios.com.ar\/diario\/wp-json\/wp\/v2\/posts\/6118\/revisions\/6119"}],"wp:featuredmedia":[{"embeddable":true,"href":"http:\/\/dsrmedios.com.ar\/diario\/wp-json\/wp\/v2\/media\/5333"}],"wp:attachment":[{"href":"http:\/\/dsrmedios.com.ar\/diario\/wp-json\/wp\/v2\/media?parent=6118"}],"wp:term":[{"taxonomy":"category","embeddable":true,"href":"http:\/\/dsrmedios.com.ar\/diario\/wp-json\/wp\/v2\/categories?post=6118"},{"taxonomy":"post_tag","embeddable":true,"href":"http:\/\/dsrmedios.com.ar\/diario\/wp-json\/wp\/v2\/tags?post=6118"}],"curies":[{"name":"wp","href":"https:\/\/api.w.org\/{rel}","templated":true}]}}