{"id":6115,"date":"2018-05-28T10:37:04","date_gmt":"2018-05-28T13:37:04","guid":{"rendered":"http:\/\/dsrmedios.com.ar\/diario\/?p=6115"},"modified":"2018-05-28T10:37:04","modified_gmt":"2018-05-28T13:37:04","slug":"sola-me-gustaria-ser-candidato-a-presidente","status":"publish","type":"post","link":"http:\/\/dsrmedios.com.ar\/diario\/archivos\/6115","title":{"rendered":"Sol\u00e1: &#8220;Me gustar\u00eda ser candidato a presidente&#8221;"},"content":{"rendered":"<div class=\"adelanto\">\n<p>El diputado nacional de 1Pa\u00eds Felipe Sol\u00e1 se refiri\u00f3 a las elecciones presidenciales de 2019, y reconoci\u00f3 que le &#8220;gustar\u00eda ser candidato&#8221; a primer mandatario.<\/p>\n<\/div>\n<div class=\"text\">Sobre la posible candidatura del presidente Mauricio Macri o de la gobernadora de Buenos Aires Mar\u00eda Eugenia Vidal, sostuvo que no tiene &#8220;idea de qu\u00e9 va a pasar en ese sentido&#8221;. &#8220;No lo s\u00e9. Es muy dif\u00edcil. Es como decir qui\u00e9n va a ganar el mundial&#8221;, dijo en declaraciones a Radio 10.<\/p>\n<p>&#8220;Me gustar\u00eda ser candidato a presidente, pero soy realista&#8221;, remarc\u00f3. &#8220;A gobernador ya fui. Hay una sola vida y hay que saber que las segundas partes nunca fueron buenas. Hay otra gente que pude ser gobernador. Si tiro candidatos me puedo pelear con ellos&#8221;, a\u00f1adi\u00f3.<\/p>\n<p>&#8220;No va a ser tan dif\u00edcil ganar como gobernar bien. Es m\u00e1s importante para gobernar la unidad que para ganar. Hay que pensar en el d\u00eda despu\u00e9s&#8221;, sostuvo.<\/p>\n<p>El diputado cuestion\u00f3 al Gobierno de Mauricio Macri, y dijo que &#8220;estos s\u00ed van a dejar una herencia pesada&#8221;. &#8220;La situaci\u00f3n de la econom\u00eda, de las personas, la clase media, los trabajadores, el costo de vida, de los alimentos, etc. Hicieron el desastre del endeudamiento y no saben manejar esta situaci\u00f3n&#8221;, argument\u00f3.<\/p>\n<p>Consultado acerca de la ley de la oposici\u00f3n que busca retrotraer el precio de las tarifas al mes de noviembre, se mostr\u00f3 optimista y dijo que &#8220;va a salir&#8221;. &#8220;Si se profundiza el ajuste vamos a estar en protesta en protesta&#8221;, advirti\u00f3.<\/p>\n<p>En relaci\u00f3n al acuerdo del Gobierno con el Fondo Monetario Internacional (FMI), consider\u00f3 que se trata de &#8220;una salida mediocre&#8221;. &#8220;Es una soberbia propia de la ignorancia. Argentina es uno de los pocos pa\u00edses que va a ir a ponerse debajo a la suela del Fondo&#8221;, a\u00f1adi\u00f3.<\/p>\n<p>&#8220;El Gobierno deber\u00eda escuchar los reclamos de la Marcha del 25 de Mayo. Creo que deber\u00eda escuchar esa y otras pasadas de las que vendr\u00e1n, much\u00edsimo. Me parece que es dif\u00edcil que lo hagan. Se manejan con una soberbia y una ideolog\u00eda neoliberal que piensan que toda protesta es ir por el bueno camino&#8221;, concluy\u00f3.<\/p>\n<p>Fuente: Ambito.com<\/p><\/div>\n","protected":false},"excerpt":{"rendered":"<div class=\"mh-excerpt\"><p>El diputado nacional de 1Pa\u00eds Felipe Sol\u00e1 se refiri\u00f3 a las elecciones presidenciales de 2019, y reconoci\u00f3 que le &#8220;gustar\u00eda ser candidato&#8221; a primer mandatario. Sobre la posible candidatura del presidente Mauricio Macri o de la gobernadora de Buenos Aires Mar\u00eda Eugenia Vidal, sostuvo que no tiene &#8220;idea de qu\u00e9 va a pasar en ese sentido&#8221;. &#8220;No lo s\u00e9. Es muy dif\u00edcil. Es como decir qui\u00e9n va a ganar el mundial&#8221;, dijo en declaraciones a Radio 10. &#8220;Me gustar\u00eda ser candidato a presidente, pero soy realista&#8221;, remarc\u00f3. &#8220;A gobernador ya fui. Hay una sola vida y hay que saber que <a class=\"mh-excerpt-more\" href=\"http:\/\/dsrmedios.com.ar\/diario\/archivos\/6115\" title=\"Sol\u00e1: &#8220;Me gustar\u00eda ser candidato a presidente&#8221;\">[Leer m\u00e1s]<\/a><\/p>\n<\/div>","protected":false},"author":5,"featured_media":6116,"comment_status":"open","ping_status":"closed","sticky":false,"template":"","format":"standard","meta":{"_jetpack_newsletter_access":""},"categories":[6],"tags":[],"jetpack_featured_media_url":"http:\/\/dsrmedios.com.ar\/diario\/wp-content\/uploads\/2018\/05\/sola.jpg","jetpack_sharing_enabled":true,"jetpack_shortlink":"https:\/\/wp.me\/p9fihK-1AD","_links":{"self":[{"href":"http:\/\/dsrmedios.com.ar\/diario\/wp-json\/wp\/v2\/posts\/6115"}],"collection":[{"href":"http:\/\/dsrmedios.com.ar\/diario\/wp-json\/wp\/v2\/posts"}],"about":[{"href":"http:\/\/dsrmedios.com.ar\/diario\/wp-json\/wp\/v2\/types\/post"}],"author":[{"embeddable":true,"href":"http:\/\/dsrmedios.com.ar\/diario\/wp-json\/wp\/v2\/users\/5"}],"replies":[{"embeddable":true,"href":"http:\/\/dsrmedios.com.ar\/diario\/wp-json\/wp\/v2\/comments?post=6115"}],"version-history":[{"count":1,"href":"http:\/\/dsrmedios.com.ar\/diario\/wp-json\/wp\/v2\/posts\/6115\/revisions"}],"predecessor-version":[{"id":6117,"href":"http:\/\/dsrmedios.com.ar\/diario\/wp-json\/wp\/v2\/posts\/6115\/revisions\/6117"}],"wp:featuredmedia":[{"embeddable":true,"href":"http:\/\/dsrmedios.com.ar\/diario\/wp-json\/wp\/v2\/media\/6116"}],"wp:attachment":[{"href":"http:\/\/dsrmedios.com.ar\/diario\/wp-json\/wp\/v2\/media?parent=6115"}],"wp:term":[{"taxonomy":"category","embeddable":true,"href":"http:\/\/dsrmedios.com.ar\/diario\/wp-json\/wp\/v2\/categories?post=6115"},{"taxonomy":"post_tag","embeddable":true,"href":"http:\/\/dsrmedios.com.ar\/diario\/wp-json\/wp\/v2\/tags?post=6115"}],"curies":[{"name":"wp","href":"https:\/\/api.w.org\/{rel}","templated":true}]}}