{"id":6109,"date":"2018-05-28T11:33:26","date_gmt":"2018-05-28T14:33:26","guid":{"rendered":"http:\/\/dsrmedios.com.ar\/diario\/?p=6109"},"modified":"2018-05-28T10:34:15","modified_gmt":"2018-05-28T13:34:15","slug":"provincia-abre-retiros-voluntarios-en-busca-de-reducir-planta-de-empleados","status":"publish","type":"post","link":"http:\/\/dsrmedios.com.ar\/diario\/archivos\/6109","title":{"rendered":"Provincia abre retiros voluntarios en busca de reducir planta de empleados"},"content":{"rendered":"<p>El gobierno de Mar\u00eda Eugenia Vidal abri\u00f3 un plan de retiros voluntarios en busca de reducir la planta de empleados estatales que comprender\u00e1 a la totalidad de los agentes del Estado provincial a los que les faltan 5 a\u00f1os o m\u00e1s para jubilarse, a excepci\u00f3n de los polic\u00edas\u00a0 y los agentes del servicio penitenciario.<\/p>\n<p>La medida quedar\u00e1 establecida en el decreto 465, que ya est\u00e1 firmado por Vidal y ser\u00e1 publicado la semana entrante en el Bolet\u00edn Oficial, que se suma a otras dos grandes iniciativas que puso en marcha el gobierno en busca de achicar la planta de empleados: el congelamiento de vacantes y las jubilaciones masivas.<\/p>\n<p>A los retiros, que como su nombre lo indican son voluntarios, podr\u00e1n adherirse los empleados de planta permanente con estabilidad que tengan m\u00e1s de dos a\u00f1os de servicio y menos de 25 y a los que, a su vez, les falten m\u00e1s de cinco a\u00f1os de aportes para acceder a una jubilaci\u00f3n ordinaria.<\/p>\n<p>Los que acepten acceder\u00e1n a una indemnizaci\u00f3n que se pagar\u00e1n en cuotas mensuales y consecutivas que se pagar\u00e1n de acuerdo a una escalada atada a los a\u00f1os de antig\u00fcedad: ser\u00e1n 10 para los que acrediten entre 2 y 5 a\u00f1os como agentes del Estado y 30 para los que computen m\u00e1s de 12 a\u00f1os en sus cargos.<\/p>\n<p>El mecanismo implica un pago inicial que se realizar\u00e1 a los 30 d\u00edas de la emisi\u00f3n de un decreto que en cada caso deber\u00e1 aceptar el pedido del agente p\u00fablico en cuesti\u00f3n para retirarse. El pago ser\u00e1 equivalente a 4 sueldos brutos mientras que para las cuotas siguientes\u00a0 se tomar\u00e1n en cuenta los sueldos netos.<\/p>\n<p>En tanto, el decreto establece que para el c\u00e1lculo de la indemnizaci\u00f3n &#8220;se deber\u00e1 tomar la mejor remuneraci\u00f3n mensual normal y habitual percibida por el agente en los seis meses anteriores al acto administrativo que dispone la aceptaci\u00f3n del retiro&#8221;. Se incluyen los adicionales pero, al mismo tiempo, se excluyen los aguinaldos.<\/p>\n","protected":false},"excerpt":{"rendered":"<div class=\"mh-excerpt\"><p>El gobierno de Mar\u00eda Eugenia Vidal abri\u00f3 un plan de retiros voluntarios en busca de reducir la planta de empleados estatales que comprender\u00e1 a la totalidad de los agentes del Estado provincial a los que les faltan 5 a\u00f1os o m\u00e1s para jubilarse, a excepci\u00f3n de los polic\u00edas\u00a0 y los agentes del servicio penitenciario. La medida quedar\u00e1 establecida en el decreto 465, que ya est\u00e1 firmado por Vidal y ser\u00e1 publicado la semana entrante en el Bolet\u00edn Oficial, que se suma a otras dos grandes iniciativas que puso en marcha el gobierno en busca de achicar la planta de empleados: <a class=\"mh-excerpt-more\" href=\"http:\/\/dsrmedios.com.ar\/diario\/archivos\/6109\" title=\"Provincia abre retiros voluntarios en busca de reducir planta de empleados\">[Leer m\u00e1s]<\/a><\/p>\n<\/div>","protected":false},"author":5,"featured_media":6110,"comment_status":"open","ping_status":"closed","sticky":false,"template":"","format":"standard","meta":{"_jetpack_newsletter_access":""},"categories":[1],"tags":[],"jetpack_featured_media_url":"http:\/\/dsrmedios.com.ar\/diario\/wp-content\/uploads\/2018\/05\/ips_0.jpg","jetpack_sharing_enabled":true,"jetpack_shortlink":"https:\/\/wp.me\/p9fihK-1Ax","_links":{"self":[{"href":"http:\/\/dsrmedios.com.ar\/diario\/wp-json\/wp\/v2\/posts\/6109"}],"collection":[{"href":"http:\/\/dsrmedios.com.ar\/diario\/wp-json\/wp\/v2\/posts"}],"about":[{"href":"http:\/\/dsrmedios.com.ar\/diario\/wp-json\/wp\/v2\/types\/post"}],"author":[{"embeddable":true,"href":"http:\/\/dsrmedios.com.ar\/diario\/wp-json\/wp\/v2\/users\/5"}],"replies":[{"embeddable":true,"href":"http:\/\/dsrmedios.com.ar\/diario\/wp-json\/wp\/v2\/comments?post=6109"}],"version-history":[{"count":1,"href":"http:\/\/dsrmedios.com.ar\/diario\/wp-json\/wp\/v2\/posts\/6109\/revisions"}],"predecessor-version":[{"id":6111,"href":"http:\/\/dsrmedios.com.ar\/diario\/wp-json\/wp\/v2\/posts\/6109\/revisions\/6111"}],"wp:featuredmedia":[{"embeddable":true,"href":"http:\/\/dsrmedios.com.ar\/diario\/wp-json\/wp\/v2\/media\/6110"}],"wp:attachment":[{"href":"http:\/\/dsrmedios.com.ar\/diario\/wp-json\/wp\/v2\/media?parent=6109"}],"wp:term":[{"taxonomy":"category","embeddable":true,"href":"http:\/\/dsrmedios.com.ar\/diario\/wp-json\/wp\/v2\/categories?post=6109"},{"taxonomy":"post_tag","embeddable":true,"href":"http:\/\/dsrmedios.com.ar\/diario\/wp-json\/wp\/v2\/tags?post=6109"}],"curies":[{"name":"wp","href":"https:\/\/api.w.org\/{rel}","templated":true}]}}