{"id":6096,"date":"2018-05-23T11:00:52","date_gmt":"2018-05-23T14:00:52","guid":{"rendered":"http:\/\/dsrmedios.com.ar\/diario\/?p=6096"},"modified":"2018-05-23T09:19:38","modified_gmt":"2018-05-23T12:19:38","slug":"el-acto-por-el-25-de-mayo-se-realizara-en-villa-maza","status":"publish","type":"post","link":"http:\/\/dsrmedios.com.ar\/diario\/archivos\/6096","title":{"rendered":"El acto por el 25 de Mayo se realizar\u00e1 en Villa Maza"},"content":{"rendered":"<p>El acto centralizado por el aniversario de la Revoluci\u00f3n de Mayo se realizar\u00e1 el jueves 24 a las 10:15hs en el Jard\u00edn de Infantes n\u00ba904 ubicado en Sarmiento n\u00ba305 de Villa Maza.<br \/>\nEl acto organizado conjuntamente por la Jefatura distrital de Ense\u00f1anza y el Jard\u00edn de Infantes contar\u00e1 con representaciones art\u00edsticas de m\u00fasica y  baile. Al mismo tiempo, actuar\u00e1 un grupo folckl\u00f3rico de Rivera y el  Jard\u00edn realizar\u00e1 comidas t\u00edpicas. <\/p>\n","protected":false},"excerpt":{"rendered":"<div class=\"mh-excerpt\"><p>El acto centralizado por el aniversario de la Revoluci\u00f3n de Mayo se realizar\u00e1 el jueves 24 a las 10:15hs en el Jard\u00edn de Infantes n\u00ba904 ubicado en Sarmiento n\u00ba305 de Villa Maza. El acto organizado conjuntamente por la Jefatura distrital de Ense\u00f1anza y el Jard\u00edn de Infantes contar\u00e1 con representaciones art\u00edsticas de m\u00fasica y baile. Al mismo tiempo, actuar\u00e1 un grupo folckl\u00f3rico de Rivera y el Jard\u00edn realizar\u00e1 comidas t\u00edpicas.<\/p>\n<\/div>","protected":false},"author":5,"featured_media":6097,"comment_status":"open","ping_status":"closed","sticky":false,"template":"","format":"standard","meta":{"_jetpack_newsletter_access":""},"categories":[31,5],"tags":[],"jetpack_featured_media_url":"http:\/\/dsrmedios.com.ar\/diario\/wp-content\/uploads\/2018\/05\/245px-Villamazacartel.jpg","jetpack_sharing_enabled":true,"jetpack_shortlink":"https:\/\/wp.me\/p9fihK-1Ak","_links":{"self":[{"href":"http:\/\/dsrmedios.com.ar\/diario\/wp-json\/wp\/v2\/posts\/6096"}],"collection":[{"href":"http:\/\/dsrmedios.com.ar\/diario\/wp-json\/wp\/v2\/posts"}],"about":[{"href":"http:\/\/dsrmedios.com.ar\/diario\/wp-json\/wp\/v2\/types\/post"}],"author":[{"embeddable":true,"href":"http:\/\/dsrmedios.com.ar\/diario\/wp-json\/wp\/v2\/users\/5"}],"replies":[{"embeddable":true,"href":"http:\/\/dsrmedios.com.ar\/diario\/wp-json\/wp\/v2\/comments?post=6096"}],"version-history":[{"count":1,"href":"http:\/\/dsrmedios.com.ar\/diario\/wp-json\/wp\/v2\/posts\/6096\/revisions"}],"predecessor-version":[{"id":6098,"href":"http:\/\/dsrmedios.com.ar\/diario\/wp-json\/wp\/v2\/posts\/6096\/revisions\/6098"}],"wp:featuredmedia":[{"embeddable":true,"href":"http:\/\/dsrmedios.com.ar\/diario\/wp-json\/wp\/v2\/media\/6097"}],"wp:attachment":[{"href":"http:\/\/dsrmedios.com.ar\/diario\/wp-json\/wp\/v2\/media?parent=6096"}],"wp:term":[{"taxonomy":"category","embeddable":true,"href":"http:\/\/dsrmedios.com.ar\/diario\/wp-json\/wp\/v2\/categories?post=6096"},{"taxonomy":"post_tag","embeddable":true,"href":"http:\/\/dsrmedios.com.ar\/diario\/wp-json\/wp\/v2\/tags?post=6096"}],"curies":[{"name":"wp","href":"https:\/\/api.w.org\/{rel}","templated":true}]}}