{"id":6093,"date":"2018-05-23T09:16:42","date_gmt":"2018-05-23T12:16:42","guid":{"rendered":"http:\/\/dsrmedios.com.ar\/diario\/?p=6093"},"modified":"2018-05-23T09:16:42","modified_gmt":"2018-05-23T12:16:42","slug":"macri-llega-hoy-a-bahia-para-inaugurar-el-parque-eolico-corti","status":"publish","type":"post","link":"http:\/\/dsrmedios.com.ar\/diario\/archivos\/6093","title":{"rendered":"Macri llega hoy a Bah\u00eda para inaugurar el parque e\u00f3lico Corti"},"content":{"rendered":"<p>El presidente de la Naci\u00f3n, Mauricio Macri, arribar\u00e1 hoy a la ciudad de Bahia Blanca para encabezar el acto de inauguraci\u00f3n del parque e\u00f3lico Corti, ubicado en esa localidad, a la vera de la Ruta 51.<br \/>\nEl primer mandatario llegar\u00e1 a la ciudad aproximadamente a las 10.50, en un velo que aterrizar\u00e1 en la Base Espora. De all\u00ed se trasladar\u00e1 en helic\u00f3ptero hacia el parque e\u00f3lico para formar parte de la actividad que dar\u00e1 inicio pasadas las 11.<br \/>\nMacri estar\u00e1 acompa\u00f1ado por el ministro de Energ\u00eda, Juan Jos\u00e9 Aranguren; por el subsecretario de Energ\u00edas Renovables, Sebasti\u00e1n Kind; por el secretario general de la Presidencia, Fernando de Andreis; y por supuesto, por el intendente H\u00e9ctor Gay. Representando a Pampa Energ\u00eda estar\u00e1 presente su presidente, Marcelo Mindlin, junto con otros importantes directivos de la firma.<br \/>\nLuego del encendido simb\u00f3lico de uno de los 29 molinos que componen el parque, se espera que Macri de un breve discurso para luego dejar Bah\u00eda Blanca y volver a su agenda laboral en Capital Federal.<br \/>\nC\u00d3MO ES EL PARQUE E\u00d3LICO CORTI<br \/>\nSe estima que el parque e\u00f3lico Corti tendr\u00e1 una capacidad de producci\u00f3n de 100 Megavatios (MW), energ\u00eda equivalente a la de todo el consumo domiciliario de Bah\u00eda Blanca, aunque lo que genere ser\u00e1 enviado directamente al Sistema Interconectado Nacional.<br \/>\nCon una inversi\u00f3n de 140 millones de d\u00f3lares, es uno de los proyectos m\u00e1s ambiciosos que se hayan dado en Bah\u00eda Blanca en este \u00faltimo tiempo por parte de un privado.<br \/>\nEl parque consta de 29 aerogeneradores marca Vestas de 3,45 MW cada uno. Est\u00e1n formados por columnas de 87 metros hasta el buje y tienen un di\u00e1metro de palas de 126 metros.<br \/>\nEl campo en el que est\u00e1n instalados consta de 1.560 hect\u00e1reas y seguir\u00e1 con su producci\u00f3n agropecuaria habitual cuando el parque est\u00e9 funcionando en su totalidad.<br \/>\nwww.labrujula24.com<\/p>\n","protected":false},"excerpt":{"rendered":"<div class=\"mh-excerpt\"><p>El presidente de la Naci\u00f3n, Mauricio Macri, arribar\u00e1 hoy a la ciudad de Bahia Blanca para encabezar el acto de inauguraci\u00f3n del parque e\u00f3lico Corti, ubicado en esa localidad, a la vera de la Ruta 51. El primer mandatario llegar\u00e1 a la ciudad aproximadamente a las 10.50, en un velo que aterrizar\u00e1 en la Base Espora. De all\u00ed se trasladar\u00e1 en helic\u00f3ptero hacia el parque e\u00f3lico para formar parte de la actividad que dar\u00e1 inicio pasadas las 11. Macri estar\u00e1 acompa\u00f1ado por el ministro de Energ\u00eda, Juan Jos\u00e9 Aranguren; por el subsecretario de Energ\u00edas Renovables, Sebasti\u00e1n Kind; por el secretario <a class=\"mh-excerpt-more\" href=\"http:\/\/dsrmedios.com.ar\/diario\/archivos\/6093\" title=\"Macri llega hoy a Bah\u00eda para inaugurar el parque e\u00f3lico Corti\">[Leer m\u00e1s]<\/a><\/p>\n<\/div>","protected":false},"author":5,"featured_media":6094,"comment_status":"open","ping_status":"closed","sticky":false,"template":"","format":"standard","meta":{"_jetpack_newsletter_access":""},"categories":[6,8],"tags":[],"jetpack_featured_media_url":"http:\/\/dsrmedios.com.ar\/diario\/wp-content\/uploads\/2018\/05\/parque-eolico.jpg","jetpack_sharing_enabled":true,"jetpack_shortlink":"https:\/\/wp.me\/p9fihK-1Ah","_links":{"self":[{"href":"http:\/\/dsrmedios.com.ar\/diario\/wp-json\/wp\/v2\/posts\/6093"}],"collection":[{"href":"http:\/\/dsrmedios.com.ar\/diario\/wp-json\/wp\/v2\/posts"}],"about":[{"href":"http:\/\/dsrmedios.com.ar\/diario\/wp-json\/wp\/v2\/types\/post"}],"author":[{"embeddable":true,"href":"http:\/\/dsrmedios.com.ar\/diario\/wp-json\/wp\/v2\/users\/5"}],"replies":[{"embeddable":true,"href":"http:\/\/dsrmedios.com.ar\/diario\/wp-json\/wp\/v2\/comments?post=6093"}],"version-history":[{"count":1,"href":"http:\/\/dsrmedios.com.ar\/diario\/wp-json\/wp\/v2\/posts\/6093\/revisions"}],"predecessor-version":[{"id":6095,"href":"http:\/\/dsrmedios.com.ar\/diario\/wp-json\/wp\/v2\/posts\/6093\/revisions\/6095"}],"wp:featuredmedia":[{"embeddable":true,"href":"http:\/\/dsrmedios.com.ar\/diario\/wp-json\/wp\/v2\/media\/6094"}],"wp:attachment":[{"href":"http:\/\/dsrmedios.com.ar\/diario\/wp-json\/wp\/v2\/media?parent=6093"}],"wp:term":[{"taxonomy":"category","embeddable":true,"href":"http:\/\/dsrmedios.com.ar\/diario\/wp-json\/wp\/v2\/categories?post=6093"},{"taxonomy":"post_tag","embeddable":true,"href":"http:\/\/dsrmedios.com.ar\/diario\/wp-json\/wp\/v2\/tags?post=6093"}],"curies":[{"name":"wp","href":"https:\/\/api.w.org\/{rel}","templated":true}]}}