{"id":6018,"date":"2018-05-22T09:08:43","date_gmt":"2018-05-22T12:08:43","guid":{"rendered":"http:\/\/dsrmedios.com.ar\/diario\/?p=6018"},"modified":"2018-05-22T09:11:27","modified_gmt":"2018-05-22T12:11:27","slug":"los-docentes-inician-un-paro-de-48-horas-en-medio-de-fuertes-cruces-con-vidal","status":"publish","type":"post","link":"http:\/\/dsrmedios.com.ar\/diario\/archivos\/6018","title":{"rendered":"Los docentes inician un paro de 48 horas en medio de fuertes cruces con Vidal"},"content":{"rendered":"<p>En el marco de fuertes cruces con el Gobierno de Mar\u00eda Eugenia Vidal, los principales gremios docentes bonaerenses iniciaron este martes un paro de 48 horas que culminar\u00e1 el mi\u00e9rcoles cuando sean parte de la Marcha Federal Educativa a Plaza de Mayo a la que convocan las confederaciones  nacionales.<br \/>\nA un mes del \u00faltimo encuentro paritario, en el que los gremios rechazaron un incremento del 10% semestral, la relaci\u00f3n entre el Gobierno y los docentes se sigue resintiendo.<br \/>\n&#8220;El supuesto di\u00e1logo que tanto pregonan las autoridades, es para los medios: a los docentes no nos reciben&#8221;, apunt\u00f3 contra Vidal la titular de FEB Mirta Petrocini.<br \/>\nDel otro lado, Vidal tambi\u00e9n se refiri\u00f3 al conflicto docente. &#8220;Lo m\u00e1s importante del sistema educativo son los chicos; si las pol\u00edticas se empiezan a definir en funci\u00f3n de los alumnos y los valores vamos a recorrer un camino distinto&#8221;, asegur\u00f3. La mandatar\u00eda dijo que el salario docente tienen un lugar &#8220;importante en la agenda&#8221; y resalt\u00f3 la importancia de &#8220;premiar el presentismo&#8221;.<br \/>\nDe la huelga, ser\u00e1n parte Suteba, FEB y Udocba, quienes realizar\u00e1n distintas actividades por separado. En tanto, el mi\u00e9rcoles van a parar todos los gremios del FUDB -Sadop y Amet, adem\u00e1s de los mencionados- para participar de la Marcha Federal. All\u00ed, los sindicatos de las distintas provincias pedir\u00e1n por &#8220;paritarias nacionales&#8221;.<br \/>\nhttp:\/\/www.aninoticias.com.ar<\/p>\n","protected":false},"excerpt":{"rendered":"<div class=\"mh-excerpt\"><p>En el marco de fuertes cruces con el Gobierno de Mar\u00eda Eugenia Vidal, los principales gremios docentes bonaerenses iniciaron este martes un paro de 48 horas que culminar\u00e1 el mi\u00e9rcoles cuando sean parte de la Marcha Federal Educativa a Plaza de Mayo a la que convocan las confederaciones nacionales. A un mes del \u00faltimo encuentro paritario, en el que los gremios rechazaron un incremento del 10% semestral, la relaci\u00f3n entre el Gobierno y los docentes se sigue resintiendo. &#8220;El supuesto di\u00e1logo que tanto pregonan las autoridades, es para los medios: a los docentes no nos reciben&#8221;, apunt\u00f3 contra Vidal la <a class=\"mh-excerpt-more\" href=\"http:\/\/dsrmedios.com.ar\/diario\/archivos\/6018\" title=\"Los docentes inician un paro de 48 horas en medio de fuertes cruces con Vidal\">[Leer m\u00e1s]<\/a><\/p>\n<\/div>","protected":false},"author":5,"featured_media":4570,"comment_status":"open","ping_status":"closed","sticky":false,"template":"","format":"standard","meta":{"_jetpack_newsletter_access":""},"categories":[18,31],"tags":[],"jetpack_featured_media_url":"http:\/\/dsrmedios.com.ar\/diario\/wp-content\/uploads\/2018\/03\/aula_11-1.jpg","jetpack_sharing_enabled":true,"jetpack_shortlink":"https:\/\/wp.me\/p9fihK-1z4","_links":{"self":[{"href":"http:\/\/dsrmedios.com.ar\/diario\/wp-json\/wp\/v2\/posts\/6018"}],"collection":[{"href":"http:\/\/dsrmedios.com.ar\/diario\/wp-json\/wp\/v2\/posts"}],"about":[{"href":"http:\/\/dsrmedios.com.ar\/diario\/wp-json\/wp\/v2\/types\/post"}],"author":[{"embeddable":true,"href":"http:\/\/dsrmedios.com.ar\/diario\/wp-json\/wp\/v2\/users\/5"}],"replies":[{"embeddable":true,"href":"http:\/\/dsrmedios.com.ar\/diario\/wp-json\/wp\/v2\/comments?post=6018"}],"version-history":[{"count":1,"href":"http:\/\/dsrmedios.com.ar\/diario\/wp-json\/wp\/v2\/posts\/6018\/revisions"}],"predecessor-version":[{"id":6019,"href":"http:\/\/dsrmedios.com.ar\/diario\/wp-json\/wp\/v2\/posts\/6018\/revisions\/6019"}],"wp:featuredmedia":[{"embeddable":true,"href":"http:\/\/dsrmedios.com.ar\/diario\/wp-json\/wp\/v2\/media\/4570"}],"wp:attachment":[{"href":"http:\/\/dsrmedios.com.ar\/diario\/wp-json\/wp\/v2\/media?parent=6018"}],"wp:term":[{"taxonomy":"category","embeddable":true,"href":"http:\/\/dsrmedios.com.ar\/diario\/wp-json\/wp\/v2\/categories?post=6018"},{"taxonomy":"post_tag","embeddable":true,"href":"http:\/\/dsrmedios.com.ar\/diario\/wp-json\/wp\/v2\/tags?post=6018"}],"curies":[{"name":"wp","href":"https:\/\/api.w.org\/{rel}","templated":true}]}}