{"id":6016,"date":"2018-05-22T09:30:10","date_gmt":"2018-05-22T12:30:10","guid":{"rendered":"http:\/\/dsrmedios.com.ar\/diario\/?p=6016"},"modified":"2018-05-22T09:07:27","modified_gmt":"2018-05-22T12:07:27","slug":"pena-descarto-a-vidal-como-candidata-a-presidente-en-2019","status":"publish","type":"post","link":"http:\/\/dsrmedios.com.ar\/diario\/archivos\/6016","title":{"rendered":"Pe\u00f1a descart\u00f3 a Vidal como candidata a Presidente en 2019"},"content":{"rendered":"<p>A falta m\u00e1s de un a\u00f1o para que concluya el mandato de Mauricio Macri, las especulaciones sobre una posible candidatura del presidente para renovar su cargo empezaron hace rato, y ante su ca\u00edda de imagen positiva el nombre de Mar\u00eda Eugenia Vidal siempre est\u00e1 sobre la mesa.<br \/>\nNo obstante, al ser consultado el jefe de Gabinete, Marcos Pe\u00f1a, por una eventual candidatura de la gobernadora de la provincia de Buenos Aires a la Presidencia, lo descart\u00f3 sin titubear y aprovech\u00f3 la respuesta para apuntalar a la figura del Jefe de Estado, que acaba de atravesar uno de sus momentos m\u00e1s dif\u00edciles.<br \/>\n\u201cMar\u00eda Eugenia ha sido muy clara al igual que Horacio (Rodr\u00edguez Larreta). A priori, lo que quieren hacer es seguir trabajando en la transformaci\u00f3n de sus distritos\u201d, se\u00f1al\u00f3 Pe\u00f1a.<br \/>\nY agreg\u00f3: \u201cNuestro foco hoy est\u00e1 puesto en trabajar en nuestros mandatos, todav\u00eda nos queda un a\u00f1o y medio. Estamos convencidos del rumbo en el que estamos y del liderazgo de Mauricio Macri. Ojal\u00e1 que llegado el tiempo eso contin\u00fae por voluntad de la gente\u201d.<br \/>\nhttp:\/\/www.aninoticias.com.ar<\/p>\n","protected":false},"excerpt":{"rendered":"<div class=\"mh-excerpt\"><p>A falta m\u00e1s de un a\u00f1o para que concluya el mandato de Mauricio Macri, las especulaciones sobre una posible candidatura del presidente para renovar su cargo empezaron hace rato, y ante su ca\u00edda de imagen positiva el nombre de Mar\u00eda Eugenia Vidal siempre est\u00e1 sobre la mesa. No obstante, al ser consultado el jefe de Gabinete, Marcos Pe\u00f1a, por una eventual candidatura de la gobernadora de la provincia de Buenos Aires a la Presidencia, lo descart\u00f3 sin titubear y aprovech\u00f3 la respuesta para apuntalar a la figura del Jefe de Estado, que acaba de atravesar uno de sus momentos m\u00e1s <a class=\"mh-excerpt-more\" href=\"http:\/\/dsrmedios.com.ar\/diario\/archivos\/6016\" title=\"Pe\u00f1a descart\u00f3 a Vidal como candidata a Presidente en 2019\">[Leer m\u00e1s]<\/a><\/p>\n<\/div>","protected":false},"author":5,"featured_media":5440,"comment_status":"open","ping_status":"closed","sticky":false,"template":"","format":"standard","meta":{"_jetpack_newsletter_access":""},"categories":[7],"tags":[],"jetpack_featured_media_url":"http:\/\/dsrmedios.com.ar\/diario\/wp-content\/uploads\/2018\/04\/pe\u00f1a.jpg","jetpack_sharing_enabled":true,"jetpack_shortlink":"https:\/\/wp.me\/p9fihK-1z2","_links":{"self":[{"href":"http:\/\/dsrmedios.com.ar\/diario\/wp-json\/wp\/v2\/posts\/6016"}],"collection":[{"href":"http:\/\/dsrmedios.com.ar\/diario\/wp-json\/wp\/v2\/posts"}],"about":[{"href":"http:\/\/dsrmedios.com.ar\/diario\/wp-json\/wp\/v2\/types\/post"}],"author":[{"embeddable":true,"href":"http:\/\/dsrmedios.com.ar\/diario\/wp-json\/wp\/v2\/users\/5"}],"replies":[{"embeddable":true,"href":"http:\/\/dsrmedios.com.ar\/diario\/wp-json\/wp\/v2\/comments?post=6016"}],"version-history":[{"count":1,"href":"http:\/\/dsrmedios.com.ar\/diario\/wp-json\/wp\/v2\/posts\/6016\/revisions"}],"predecessor-version":[{"id":6017,"href":"http:\/\/dsrmedios.com.ar\/diario\/wp-json\/wp\/v2\/posts\/6016\/revisions\/6017"}],"wp:featuredmedia":[{"embeddable":true,"href":"http:\/\/dsrmedios.com.ar\/diario\/wp-json\/wp\/v2\/media\/5440"}],"wp:attachment":[{"href":"http:\/\/dsrmedios.com.ar\/diario\/wp-json\/wp\/v2\/media?parent=6016"}],"wp:term":[{"taxonomy":"category","embeddable":true,"href":"http:\/\/dsrmedios.com.ar\/diario\/wp-json\/wp\/v2\/categories?post=6016"},{"taxonomy":"post_tag","embeddable":true,"href":"http:\/\/dsrmedios.com.ar\/diario\/wp-json\/wp\/v2\/tags?post=6016"}],"curies":[{"name":"wp","href":"https:\/\/api.w.org\/{rel}","templated":true}]}}