{"id":6009,"date":"2018-05-21T10:00:47","date_gmt":"2018-05-21T13:00:47","guid":{"rendered":"http:\/\/dsrmedios.com.ar\/diario\/?p=6009"},"modified":"2018-05-21T09:44:05","modified_gmt":"2018-05-21T12:44:05","slug":"el-defensor-del-pueblo-de-la-provincia-fue-a-la-justicia-contra-las-subas-de-tarifas","status":"publish","type":"post","link":"http:\/\/dsrmedios.com.ar\/diario\/archivos\/6009","title":{"rendered":"El Defensor del Pueblo de la Provincia fue a la Justicia contra las subas de tarifas."},"content":{"rendered":"<div class=\"adelanto\">\n<p>El Defensor del Pueblo de la Provincia intim\u00f3 a las empresas prestadoras de gas para que no corten el servicio por falta de pago.<\/p>\n<\/div>\n<div class=\"text\">El defensor del Pueblo de la Provincia de Buenos Aires, Guido Lorenzino, confirm\u00f3 que present\u00f3 un planteo de &#8220;nulidad e inconstitucionalidad del cuadro tarifario de luz y de gas que se ejecuta en la provincia&#8221;, y afirm\u00f3 que resulta &#8220;confiscatorio, y esperamos que la Justicia ordene este descalabro&#8221;.<\/p>\n<p>&#8220;Seas jubilado de la m\u00ednima o seas un discapacitado, pag\u00e1s lo mismo que un usuario de Nordelta ya que la tarifa social es un t\u00edtulo, casi inexistente. El Estado hace 26 meses que ha tomado partido por los m\u00e1s poderosos, con lo cual el Estado no est\u00e1 cumpliendo hoy su rol esencial que es cuidar a los m\u00e1s d\u00e9biles, a los m\u00e1s desprotegidos&#8221;, afirm\u00f3 Lorenzino.<\/p>\n<p>&#8220;Si hab\u00eda que actualizar las tarifas, porque supuestamente en 12 a\u00f1os no se hizo, no se puede ahora actualizarlas en dos (a\u00f1os). Ah\u00ed hay una falta de proporcionalidad y adem\u00e1s hay que mirar que el salario no aument\u00f3 en el mismo sentido, y la tarifa social es el otro tema que no existe m\u00e1s, claramente es un t\u00edtulo&#8221;, expres\u00f3 Lorenzino y agreg\u00f3 que &#8220;viene planteando la falta de racionalidad tarifaria&#8221; desde hace m\u00e1s de un a\u00f1o.<\/p>\n<p>El jueves pasado, la Defensor\u00eda del Pueblo bonaerense intim\u00f3 a las empresas distribuidoras de gas que prestan servicio en la Provincia a que se abstengan de interrumpir la provisi\u00f3n por falta de pago, teniendo en cuenta &#8220;el contexto de aumento de tarifas y el cada vez menor beneficio que se puede obtener de la tarifa social&#8221;.<\/p>\n<p>Antes, Lorenzino hab\u00eda recibido a los representantes de las oficinas de Defensa de los Derechos del Consumidor de distintos municipios (OMIC) peronistas del Gran Buenos Aires y que le acercaron las problem\u00e1ticas expresadas por los vecinos en cuanto a los nuevos cuadros tarifarios de los servicios p\u00fablicos.<\/p>\n<p>\u201cTrabajamos para integrar la Defensor\u00eda a la tarea diaria de las OMIC, teniendo en cuenta que somos el mostrador de los vecinos ante los abusos de las empresas\u201d, puntualiz\u00f3 Lorenzino.<\/p>\n<p>Fuente: Clar\u00edn<\/p><\/div>\n","protected":false},"excerpt":{"rendered":"<div class=\"mh-excerpt\"><p>El Defensor del Pueblo de la Provincia intim\u00f3 a las empresas prestadoras de gas para que no corten el servicio por falta de pago. El defensor del Pueblo de la Provincia de Buenos Aires, Guido Lorenzino, confirm\u00f3 que present\u00f3 un planteo de &#8220;nulidad e inconstitucionalidad del cuadro tarifario de luz y de gas que se ejecuta en la provincia&#8221;, y afirm\u00f3 que resulta &#8220;confiscatorio, y esperamos que la Justicia ordene este descalabro&#8221;. &#8220;Seas jubilado de la m\u00ednima o seas un discapacitado, pag\u00e1s lo mismo que un usuario de Nordelta ya que la tarifa social es un t\u00edtulo, casi inexistente. El <a class=\"mh-excerpt-more\" href=\"http:\/\/dsrmedios.com.ar\/diario\/archivos\/6009\" title=\"El Defensor del Pueblo de la Provincia fue a la Justicia contra las subas de tarifas.\">[Leer m\u00e1s]<\/a><\/p>\n<\/div>","protected":false},"author":5,"featured_media":6010,"comment_status":"open","ping_status":"closed","sticky":false,"template":"","format":"standard","meta":{"_jetpack_newsletter_access":""},"categories":[1],"tags":[],"jetpack_featured_media_url":"http:\/\/dsrmedios.com.ar\/diario\/wp-content\/uploads\/2018\/05\/87_2eae_guido-lorenzino_1526820242.png_800.png","jetpack_sharing_enabled":true,"jetpack_shortlink":"https:\/\/wp.me\/p9fihK-1yV","_links":{"self":[{"href":"http:\/\/dsrmedios.com.ar\/diario\/wp-json\/wp\/v2\/posts\/6009"}],"collection":[{"href":"http:\/\/dsrmedios.com.ar\/diario\/wp-json\/wp\/v2\/posts"}],"about":[{"href":"http:\/\/dsrmedios.com.ar\/diario\/wp-json\/wp\/v2\/types\/post"}],"author":[{"embeddable":true,"href":"http:\/\/dsrmedios.com.ar\/diario\/wp-json\/wp\/v2\/users\/5"}],"replies":[{"embeddable":true,"href":"http:\/\/dsrmedios.com.ar\/diario\/wp-json\/wp\/v2\/comments?post=6009"}],"version-history":[{"count":1,"href":"http:\/\/dsrmedios.com.ar\/diario\/wp-json\/wp\/v2\/posts\/6009\/revisions"}],"predecessor-version":[{"id":6011,"href":"http:\/\/dsrmedios.com.ar\/diario\/wp-json\/wp\/v2\/posts\/6009\/revisions\/6011"}],"wp:featuredmedia":[{"embeddable":true,"href":"http:\/\/dsrmedios.com.ar\/diario\/wp-json\/wp\/v2\/media\/6010"}],"wp:attachment":[{"href":"http:\/\/dsrmedios.com.ar\/diario\/wp-json\/wp\/v2\/media?parent=6009"}],"wp:term":[{"taxonomy":"category","embeddable":true,"href":"http:\/\/dsrmedios.com.ar\/diario\/wp-json\/wp\/v2\/categories?post=6009"},{"taxonomy":"post_tag","embeddable":true,"href":"http:\/\/dsrmedios.com.ar\/diario\/wp-json\/wp\/v2\/tags?post=6009"}],"curies":[{"name":"wp","href":"https:\/\/api.w.org\/{rel}","templated":true}]}}