{"id":5994,"date":"2018-05-18T07:04:42","date_gmt":"2018-05-18T10:04:42","guid":{"rendered":"http:\/\/dsrmedios.com.ar\/diario\/?p=5994"},"modified":"2018-05-17T16:27:20","modified_gmt":"2018-05-17T19:27:20","slug":"las-jubilaciones-y-la-auh-aumentaran-un-57-en-junio-y-67-en-septiembre","status":"publish","type":"post","link":"http:\/\/dsrmedios.com.ar\/diario\/archivos\/5994","title":{"rendered":"Las jubilaciones y la AUH aumentar\u00e1n un 5,7% en junio y 6,7% en septiembre"},"content":{"rendered":"<p>Los jubilados, pensionados, beneficiarios de asignaciones familiares y AUH y dem\u00e1s prestaciones de la Seguridad Social, que alcanzan a m\u00e1s de 17 millones de personas, cobrar\u00e1n a partir de junio el aumento del 5,69%. Y ya se sabe que en septiembre tendr\u00e1n un nuevo aumento del 6,7%.<\/p>\n<p>Este nuevo dato surge tras conocerse los valores de la evoluci\u00f3n de los salarios y de la inflaci\u00f3n del primer trimestre, que son tomados en cuenta para calcular los aumentos de septiembre-noviembre con la nueva f\u00f3rmula de movilidad.<\/p>\n<p>En el primer trimestre, la inflaci\u00f3n sum\u00f3 el 6,7% y ahora se conoce que el \u00edndice salarial llamado Remuneraci\u00f3n Imponible Promedio de los Trabajadores Estables (Ripte) fue del 6,73%. La f\u00f3rmula de movilidad es una suma que contempla el 70% de la variaci\u00f3n trimestral registrada por el \u00edndice de precios del INDEC y el 30% de la evoluci\u00f3n en igual per\u00edodo del Ripte. En este caso, el 70% de 6,7 es 4,69, y el 30% de 6,73 es 2,02. La suma arroja 6,71%, similar a la inflaci\u00f3n de esos meses.<\/p>\n<p>fuente:www.labrujula24.com<\/p>\n","protected":false},"excerpt":{"rendered":"<div class=\"mh-excerpt\"><p>Los jubilados, pensionados, beneficiarios de asignaciones familiares y AUH y dem\u00e1s prestaciones de la Seguridad Social, que alcanzan a m\u00e1s de 17 millones de personas, cobrar\u00e1n a partir de junio el aumento del 5,69%. Y ya se sabe que en septiembre tendr\u00e1n un nuevo aumento del 6,7%. Este nuevo dato surge tras conocerse los valores de la evoluci\u00f3n de los salarios y de la inflaci\u00f3n del primer trimestre, que son tomados en cuenta para calcular los aumentos de septiembre-noviembre con la nueva f\u00f3rmula de movilidad. En el primer trimestre, la inflaci\u00f3n sum\u00f3 el 6,7% y ahora se conoce que el <a class=\"mh-excerpt-more\" href=\"http:\/\/dsrmedios.com.ar\/diario\/archivos\/5994\" title=\"Las jubilaciones y la AUH aumentar\u00e1n un 5,7% en junio y 6,7% en septiembre\">[Leer m\u00e1s]<\/a><\/p>\n<\/div>","protected":false},"author":5,"featured_media":5995,"comment_status":"open","ping_status":"closed","sticky":false,"template":"","format":"standard","meta":{"_jetpack_newsletter_access":""},"categories":[18,6],"tags":[],"jetpack_featured_media_url":"http:\/\/dsrmedios.com.ar\/diario\/wp-content\/uploads\/2018\/05\/jubilados.jpg","jetpack_sharing_enabled":true,"jetpack_shortlink":"https:\/\/wp.me\/p9fihK-1yG","_links":{"self":[{"href":"http:\/\/dsrmedios.com.ar\/diario\/wp-json\/wp\/v2\/posts\/5994"}],"collection":[{"href":"http:\/\/dsrmedios.com.ar\/diario\/wp-json\/wp\/v2\/posts"}],"about":[{"href":"http:\/\/dsrmedios.com.ar\/diario\/wp-json\/wp\/v2\/types\/post"}],"author":[{"embeddable":true,"href":"http:\/\/dsrmedios.com.ar\/diario\/wp-json\/wp\/v2\/users\/5"}],"replies":[{"embeddable":true,"href":"http:\/\/dsrmedios.com.ar\/diario\/wp-json\/wp\/v2\/comments?post=5994"}],"version-history":[{"count":1,"href":"http:\/\/dsrmedios.com.ar\/diario\/wp-json\/wp\/v2\/posts\/5994\/revisions"}],"predecessor-version":[{"id":5996,"href":"http:\/\/dsrmedios.com.ar\/diario\/wp-json\/wp\/v2\/posts\/5994\/revisions\/5996"}],"wp:featuredmedia":[{"embeddable":true,"href":"http:\/\/dsrmedios.com.ar\/diario\/wp-json\/wp\/v2\/media\/5995"}],"wp:attachment":[{"href":"http:\/\/dsrmedios.com.ar\/diario\/wp-json\/wp\/v2\/media?parent=5994"}],"wp:term":[{"taxonomy":"category","embeddable":true,"href":"http:\/\/dsrmedios.com.ar\/diario\/wp-json\/wp\/v2\/categories?post=5994"},{"taxonomy":"post_tag","embeddable":true,"href":"http:\/\/dsrmedios.com.ar\/diario\/wp-json\/wp\/v2\/tags?post=5994"}],"curies":[{"name":"wp","href":"https:\/\/api.w.org\/{rel}","templated":true}]}}