{"id":5989,"date":"2018-05-18T07:01:45","date_gmt":"2018-05-18T10:01:45","guid":{"rendered":"http:\/\/dsrmedios.com.ar\/diario\/?p=5989"},"modified":"2018-05-17T16:23:23","modified_gmt":"2018-05-17T19:23:23","slug":"los-alumnos-de-la-provincia-tendran-48-de-paro-la-semana-proxima","status":"publish","type":"post","link":"http:\/\/dsrmedios.com.ar\/diario\/archivos\/5989","title":{"rendered":"Los alumnos de la Provincia tendr\u00e1n 48 de paro la semana pr\u00f3xima"},"content":{"rendered":"<p>Los gremios que representan a los \u00a0docentes bonaerenses adelantaron este jueves \u00a0un nuevo paro provincial para el pr\u00f3ximo martes 22 que se suma a la adhesi\u00f3n al paro a nivel nacional convocado ayer por Ctera para el mi\u00e9rcoles 23.<\/p>\n<p>Seg\u00fan comunic\u00f3 Suteba, la medida de fuerza dada a conocer este mediod\u00eda y que extiende a 48 las horas sin clases para la pr\u00f3xima semana se debe a la falta de una nueva convocatoria paritaria que mejore el \u00faltimo ofrecimiento parte del gobierno de Mar\u00eda Eugenia Vidal.<\/p>\n<p>&#8220;El pr\u00f3ximo 22 de mayo se realizar\u00e1 paro provincial y el 23 de mayo se adherir\u00e1 al paro nacional convocado por Ctera&#8221;, comunic\u00f3 Suteba que argument\u00f3 la &#8220;falta de convocatoria&#8221; para atender la demanda del sector debido a que &#8220;la \u00faltima propuesta conlleva la p\u00e9rdida creciente del poder adquisitivo&#8221;.<\/p>\n<p>fuente:www.aninoticias.com<\/p>\n","protected":false},"excerpt":{"rendered":"<div class=\"mh-excerpt\"><p>Los gremios que representan a los \u00a0docentes bonaerenses adelantaron este jueves \u00a0un nuevo paro provincial para el pr\u00f3ximo martes 22 que se suma a la adhesi\u00f3n al paro a nivel nacional convocado ayer por Ctera para el mi\u00e9rcoles 23. Seg\u00fan comunic\u00f3 Suteba, la medida de fuerza dada a conocer este mediod\u00eda y que extiende a 48 las horas sin clases para la pr\u00f3xima semana se debe a la falta de una nueva convocatoria paritaria que mejore el \u00faltimo ofrecimiento parte del gobierno de Mar\u00eda Eugenia Vidal. &#8220;El pr\u00f3ximo 22 de mayo se realizar\u00e1 paro provincial y el 23 de mayo <a class=\"mh-excerpt-more\" href=\"http:\/\/dsrmedios.com.ar\/diario\/archivos\/5989\" title=\"Los alumnos de la Provincia tendr\u00e1n 48 de paro la semana pr\u00f3xima\">[Leer m\u00e1s]<\/a><\/p>\n<\/div>","protected":false},"author":5,"featured_media":3550,"comment_status":"open","ping_status":"closed","sticky":false,"template":"","format":"standard","meta":{"_jetpack_newsletter_access":""},"categories":[18,7],"tags":[],"jetpack_featured_media_url":"http:\/\/dsrmedios.com.ar\/diario\/wp-content\/uploads\/2018\/01\/gremios_0.jpg","jetpack_sharing_enabled":true,"jetpack_shortlink":"https:\/\/wp.me\/p9fihK-1yB","_links":{"self":[{"href":"http:\/\/dsrmedios.com.ar\/diario\/wp-json\/wp\/v2\/posts\/5989"}],"collection":[{"href":"http:\/\/dsrmedios.com.ar\/diario\/wp-json\/wp\/v2\/posts"}],"about":[{"href":"http:\/\/dsrmedios.com.ar\/diario\/wp-json\/wp\/v2\/types\/post"}],"author":[{"embeddable":true,"href":"http:\/\/dsrmedios.com.ar\/diario\/wp-json\/wp\/v2\/users\/5"}],"replies":[{"embeddable":true,"href":"http:\/\/dsrmedios.com.ar\/diario\/wp-json\/wp\/v2\/comments?post=5989"}],"version-history":[{"count":1,"href":"http:\/\/dsrmedios.com.ar\/diario\/wp-json\/wp\/v2\/posts\/5989\/revisions"}],"predecessor-version":[{"id":5990,"href":"http:\/\/dsrmedios.com.ar\/diario\/wp-json\/wp\/v2\/posts\/5989\/revisions\/5990"}],"wp:featuredmedia":[{"embeddable":true,"href":"http:\/\/dsrmedios.com.ar\/diario\/wp-json\/wp\/v2\/media\/3550"}],"wp:attachment":[{"href":"http:\/\/dsrmedios.com.ar\/diario\/wp-json\/wp\/v2\/media?parent=5989"}],"wp:term":[{"taxonomy":"category","embeddable":true,"href":"http:\/\/dsrmedios.com.ar\/diario\/wp-json\/wp\/v2\/categories?post=5989"},{"taxonomy":"post_tag","embeddable":true,"href":"http:\/\/dsrmedios.com.ar\/diario\/wp-json\/wp\/v2\/tags?post=5989"}],"curies":[{"name":"wp","href":"https:\/\/api.w.org\/{rel}","templated":true}]}}