{"id":5985,"date":"2018-05-17T08:18:11","date_gmt":"2018-05-17T11:18:11","guid":{"rendered":"http:\/\/dsrmedios.com.ar\/diario\/?p=5985"},"modified":"2018-05-17T08:18:11","modified_gmt":"2018-05-17T11:18:11","slug":"prohiben-a-municipios-y-empresas-prestatarias-incluir-en-la-energia-otros-gastos-o-tasas","status":"publish","type":"post","link":"http:\/\/dsrmedios.com.ar\/diario\/archivos\/5985","title":{"rendered":"Proh\u00edben a municipios y empresas prestatarias incluir en la energ\u00eda otros gastos o tasas"},"content":{"rendered":"<section class=\"titulos\"><\/section>\n<section>\n<div class=\"content-body\">\n<div class=\"multimedia-nota\">\n<div class=\"desarrollo width100\">\n<section class=\"titulos\"><\/section>\n<section>\n<div class=\"content-body\">\n<div class=\"multimedia-nota\">\n<div class=\"desarrollo width100\">\n<p>El Organismo de Control de Energ\u00eda el\u00e9ctrica de Buenos Aires (Oceba) public\u00f3 hoy la resoluci\u00f3n que proh\u00edbe a los municipios y empresas prestatarias incluir, dentro de las facturas que reciben los usuarios de energ\u00eda el\u00e9ctrica, tasas y conceptos ajenos a este servicio.<\/p>\n<p>\u201cA partir de la fecha de entrada en vigencia de la presente (las facturas) solo deber\u00e1n contener conceptos tarifarios vinculados a la prestaci\u00f3n del servicio p\u00fablico de distribuci\u00f3n de energ\u00eda el\u00e9ctrica\u201d, se indic\u00f3 en la resoluci\u00f3n.<\/p>\n<div id=\"hybs-slot-74a38f46-0\">\u00a0La medida implica que las comunas ya no podr\u00e1n incluir en las facturas de energ\u00eda tasas comunes como ABL ni especiales (para fortalecer la seguridad o la salud, constituir un fondo para obras p\u00fablicas o financiar servicios de sepelio o aportes a los bomberos voluntarios, entre otros destinos).<\/div>\n<p>Esta es una pr\u00e1ctica muy habitual en los municipios, ya que los intendentes aprovechan el alto \u00edndice de cobrabilidad que tienen las facturas de energ\u00eda (superior al 95%) para incrementar su propio nivel de recaudaci\u00f3n.<\/p>\n<p>De la misma forma, las cooperativas no podr\u00e1n incluir en la facturaci\u00f3n del servicio adicionales, como seguro de sepelio o televisi\u00f3n por cable, y de ahora en m\u00e1s tendr\u00e1n que cobrarlo por separado.<\/p>\n<p><strong>En el art\u00edculo 2\u00ba de la resoluci\u00f3n se aclar\u00f3 que tampoco se podr\u00e1 incorporar en las facturas \u201cconceptos adicionales vinculados al servicio p\u00fablico de distribuci\u00f3n de energ\u00eda el\u00e9ctrica sin la previa aprobaci\u00f3n del Oceba, con excepci\u00f3n de lo dispuesto por la ley N\u00ba 10.740 con relaci\u00f3n al alumbrado p\u00fablico\u201d.<\/strong><\/p>\n<p><strong>Esto implicar\u00eda, a priori, que el servicio de alumbrado p\u00fablico s\u00ed seguir\u00eda cobr\u00e1ndose dentro de las facturas de energ\u00eda.<\/strong><\/p>\n<p><strong>De todas formas, intendentes del sudoeste dijeron hoy a La Nueva. que la resoluci\u00f3n \u201cno es taxativa\u201d, por lo que temen que los obliguen a quitar de las facturas de energ\u00eda la tasa por alumbrado p\u00fablico.<\/strong><\/p>\n<p><strong>\u201cDe ser as\u00ed, nos har\u00edan un agujero enorme\u201d, confi\u00f3 el jefe comunal de un distrito muy cercano a Bah\u00eda Blanca.<\/strong><\/p>\n<p>En la resoluci\u00f3n del Oceba se destac\u00f3 la necesidad de que los usuarios conozcan, a trav\u00e9s de la lectura de sus facturas, \u201cla informaci\u00f3n necesaria y suficiente que permita constatar en forma un\u00edvoca el valor de las magnitudes f\u00edsicas consumidas, el per\u00edodo al cual corresponde, los precios unitarios aplicados y las cargas impositivas\u201d.<\/p>\n<p>En forma complementaria, se analiz\u00f3 que la incorporaci\u00f3n de tasas y cobros adicionales no ayuda a los usuarios a saber a ciencia cierta cu\u00e1nto pagan por el servicio de energ\u00eda.<\/p>\n<p>fuente:www.lanueva.com<\/p>\n<\/div>\n<\/div>\n<\/div>\n<\/section>\n<\/div>\n<\/div>\n<\/div>\n<\/section>\n","protected":false},"excerpt":{"rendered":"<div class=\"mh-excerpt\"><p>El Organismo de Control de Energ\u00eda el\u00e9ctrica de Buenos Aires (Oceba) public\u00f3 hoy la resoluci\u00f3n que proh\u00edbe a los municipios y empresas prestatarias incluir, dentro de las facturas que reciben los usuarios de energ\u00eda el\u00e9ctrica, tasas y conceptos ajenos a este servicio. \u201cA partir de la fecha de entrada en vigencia de la presente (las facturas) solo deber\u00e1n contener conceptos tarifarios vinculados a la prestaci\u00f3n del servicio p\u00fablico de distribuci\u00f3n de energ\u00eda el\u00e9ctrica\u201d, se indic\u00f3 en la resoluci\u00f3n. \u00a0La medida implica que las comunas ya no podr\u00e1n incluir en las facturas de energ\u00eda tasas comunes como ABL ni especiales (para <a class=\"mh-excerpt-more\" href=\"http:\/\/dsrmedios.com.ar\/diario\/archivos\/5985\" title=\"Proh\u00edben a municipios y empresas prestatarias incluir en la energ\u00eda otros gastos o tasas\">[Leer m\u00e1s]<\/a><\/p>\n<\/div>","protected":false},"author":5,"featured_media":3031,"comment_status":"open","ping_status":"closed","sticky":false,"template":"","format":"standard","meta":{"_jetpack_newsletter_access":""},"categories":[18,31],"tags":[],"jetpack_featured_media_url":"http:\/\/dsrmedios.com.ar\/diario\/wp-content\/uploads\/2017\/12\/energia.jpg","jetpack_sharing_enabled":true,"jetpack_shortlink":"https:\/\/wp.me\/p9fihK-1yx","_links":{"self":[{"href":"http:\/\/dsrmedios.com.ar\/diario\/wp-json\/wp\/v2\/posts\/5985"}],"collection":[{"href":"http:\/\/dsrmedios.com.ar\/diario\/wp-json\/wp\/v2\/posts"}],"about":[{"href":"http:\/\/dsrmedios.com.ar\/diario\/wp-json\/wp\/v2\/types\/post"}],"author":[{"embeddable":true,"href":"http:\/\/dsrmedios.com.ar\/diario\/wp-json\/wp\/v2\/users\/5"}],"replies":[{"embeddable":true,"href":"http:\/\/dsrmedios.com.ar\/diario\/wp-json\/wp\/v2\/comments?post=5985"}],"version-history":[{"count":1,"href":"http:\/\/dsrmedios.com.ar\/diario\/wp-json\/wp\/v2\/posts\/5985\/revisions"}],"predecessor-version":[{"id":5986,"href":"http:\/\/dsrmedios.com.ar\/diario\/wp-json\/wp\/v2\/posts\/5985\/revisions\/5986"}],"wp:featuredmedia":[{"embeddable":true,"href":"http:\/\/dsrmedios.com.ar\/diario\/wp-json\/wp\/v2\/media\/3031"}],"wp:attachment":[{"href":"http:\/\/dsrmedios.com.ar\/diario\/wp-json\/wp\/v2\/media?parent=5985"}],"wp:term":[{"taxonomy":"category","embeddable":true,"href":"http:\/\/dsrmedios.com.ar\/diario\/wp-json\/wp\/v2\/categories?post=5985"},{"taxonomy":"post_tag","embeddable":true,"href":"http:\/\/dsrmedios.com.ar\/diario\/wp-json\/wp\/v2\/tags?post=5985"}],"curies":[{"name":"wp","href":"https:\/\/api.w.org\/{rel}","templated":true}]}}