{"id":5982,"date":"2018-05-17T08:13:59","date_gmt":"2018-05-17T11:13:59","guid":{"rendered":"http:\/\/dsrmedios.com.ar\/diario\/?p=5982"},"modified":"2018-05-17T08:13:59","modified_gmt":"2018-05-17T11:13:59","slug":"el-presidente-macri-brindo-una-conferencia-de-prensa-para-referirse-a-la-crisis-de-mayo","status":"publish","type":"post","link":"http:\/\/dsrmedios.com.ar\/diario\/archivos\/5982","title":{"rendered":"El Presidente Macri brindo una conferencia de prensa para referirse a la cr\u00edsis de mayo"},"content":{"rendered":"<p>Tras la suba del d\u00f3lar y un cierre positivo en el vencimiento de las Lebacs, el presidente Mauricio Macri brind\u00f3 una conferencia de prensa en la que llam\u00f3 a los miembros de la oposici\u00f3n a sentarse alrededor de una mesa para lograr un gran acuerdo nacional.<\/p>\n<p>&#8220;Como dijo el presidente del Banco Central, consideramos superada la turbulencia cambiaria. Es importante reconocer el momento de nerviosismo que se vivi\u00f3 en varios sectores de la poblaci\u00f3n, hubo miedo y angustia&#8221;, dijo Macri desde Olivos.<\/p>\n<p>El presidente asumi\u00f3 que el pa\u00eds tiene graves problemas. &#8220;Tenemos que hacer un balance y entender cu\u00e1l es el problema central que tenemos los argentinos. Tenemos que acelerar para reducir el d\u00e9ficit fiscal, estamos gastando m\u00e1s de lo que tenemos, que es una carga para la sociedad y nos genera vulnerabilidad&#8221;, indic\u00f3.<\/p>\n<p>Macri anunci\u00f3 que para poder resolver el principal problema del pa\u00eds es necesario reunirse con los funcionarios del resto de los partidos y convoc\u00f3 a todos para llegar a un acuerdo. &#8220;Habl\u00e9 con gobernadores de distintos espacios y senadores, y los convoqu\u00e9 a todos a sentarnos alrededor de una mesa y hacer un gran acuerdo para equilibrar algo que la argentina no logra hacerlo hace m\u00e1s de 70 a\u00f1os&#8221;, sostuvo.<\/p>\n<p>&#8220;Soy el primero en saber y reconocer el esfuerzo que los argentinos hicieron estos dos a\u00f1os y cuatro meses. Seguimos teniendo el mismo problema de fondo y hay que revertirlo. Tenemos que sacarnos esta mochila&#8221;, agreg\u00f3.<\/p>\n<p>El mandatario dijo que se puso metas &#8220;demasiado optimistas&#8221; que complicaron bajar la inflaci\u00f3n, una de las principales metas. Adem\u00e1s, hizo una autocr\u00edtica sobre la relaci\u00f3n del gobierno con el Banco Central. &#8220;Desde ese 28 de diciembre hemos tenido problemas de coordinaci\u00f3n entre el gabinete econ\u00f3mico y el BCRA. Tenemos que recordar que el BCRA es independiente y no podemos vulnerar su independencia&#8221;, sostuvo<\/p>\n<p>Su reelecci\u00f3n<\/p>\n<p>Cuando fue consultado sobre si pondr\u00eda en juego su reelecci\u00f3n para corregir el d\u00e9ficit, Macri contest\u00f3 de forma contundente: &#8220;No estoy ac\u00e1 para hacer lo pol\u00edticamente correcto ni lo que me conviene a mi. Estoy para hacer lo que es bueno para la gente y los argentinos necesitan tener previsibilidad y la certeza de que este gasto descontrolado no nos va a terminar aplastando en este esfuerzo que est\u00e1n haciendo. Soy el primero en reconocer el esfuerzo que han hecho. Evitamos una crisis que nos llevaba al 2001\u2033.<\/p>\n<p>Acuerdo con el FMI<\/p>\n<p>Ante las reiteradas preguntas sobre el acuerdo con el FMI, Macri afirm\u00f3 que la Argentina va a hacer un gran acuerdo con el Fondo, a pesar de lo que gener\u00f3 volver a pedirles dinero. &#8220;Vamos a hacer un buen acuerdo con el FMI. Podemos ir al Fondo porque no tenemos nada que ocultar. Ac\u00e1 no hay gente que se lleva bolsos con plata a los conventos&#8221;, apunt\u00f3, en referencia a el ex secretario de Obras P\u00fablicas del kirchnerismo, que fue filmado cuando lleg\u00f3 con los bolsos con m\u00e1s de 9 millones de d\u00f3lares y un fusil al convento donde fue detenido queriendo enterrar el dinero.<\/p>\n<p>Las tarifas<\/p>\n<p>En el final, sin decirlo, ratific\u00f3 que vetar\u00e1 el proyecto de tarifas de la oposici\u00f3n en caso de aprobarse en el Senado: &#8220;\u00bfQui\u00e9n m\u00e1s que yo querr\u00eda no tener que aumentar las tarifas? \u00bfCu\u00e1l puede ser la alegr\u00eda que yo puedo tener en saber este esfuerzo adicional que le estoy pidiendo a los argentinos? Si hubiera habido una alternativa hubiera sido yo el primero en tomarla. Pero esto es lo que vale la Energ\u00eda. Es mentira que todos estos a\u00f1os que no pagamos lo que val\u00eda la energ\u00eda no lo pag\u00f3 nadie. Lo pagamos todos perdiendo las reservas, importando energ\u00eda, endeud\u00e1ndonos&#8221;.<\/p>\n<p>fuente:www.infobae.com<\/p>\n","protected":false},"excerpt":{"rendered":"<div class=\"mh-excerpt\"><p>Tras la suba del d\u00f3lar y un cierre positivo en el vencimiento de las Lebacs, el presidente Mauricio Macri brind\u00f3 una conferencia de prensa en la que llam\u00f3 a los miembros de la oposici\u00f3n a sentarse alrededor de una mesa para lograr un gran acuerdo nacional. &#8220;Como dijo el presidente del Banco Central, consideramos superada la turbulencia cambiaria. Es importante reconocer el momento de nerviosismo que se vivi\u00f3 en varios sectores de la poblaci\u00f3n, hubo miedo y angustia&#8221;, dijo Macri desde Olivos. El presidente asumi\u00f3 que el pa\u00eds tiene graves problemas. &#8220;Tenemos que hacer un balance y entender cu\u00e1l es <a class=\"mh-excerpt-more\" href=\"http:\/\/dsrmedios.com.ar\/diario\/archivos\/5982\" title=\"El Presidente Macri brindo una conferencia de prensa para referirse a la cr\u00edsis de mayo\">[Leer m\u00e1s]<\/a><\/p>\n<\/div>","protected":false},"author":5,"featured_media":5983,"comment_status":"open","ping_status":"closed","sticky":false,"template":"","format":"standard","meta":{"_jetpack_newsletter_access":""},"categories":[18,6],"tags":[],"jetpack_featured_media_url":"http:\/\/dsrmedios.com.ar\/diario\/wp-content\/uploads\/2018\/05\/macri32.jpg","jetpack_sharing_enabled":true,"jetpack_shortlink":"https:\/\/wp.me\/p9fihK-1yu","_links":{"self":[{"href":"http:\/\/dsrmedios.com.ar\/diario\/wp-json\/wp\/v2\/posts\/5982"}],"collection":[{"href":"http:\/\/dsrmedios.com.ar\/diario\/wp-json\/wp\/v2\/posts"}],"about":[{"href":"http:\/\/dsrmedios.com.ar\/diario\/wp-json\/wp\/v2\/types\/post"}],"author":[{"embeddable":true,"href":"http:\/\/dsrmedios.com.ar\/diario\/wp-json\/wp\/v2\/users\/5"}],"replies":[{"embeddable":true,"href":"http:\/\/dsrmedios.com.ar\/diario\/wp-json\/wp\/v2\/comments?post=5982"}],"version-history":[{"count":1,"href":"http:\/\/dsrmedios.com.ar\/diario\/wp-json\/wp\/v2\/posts\/5982\/revisions"}],"predecessor-version":[{"id":5984,"href":"http:\/\/dsrmedios.com.ar\/diario\/wp-json\/wp\/v2\/posts\/5982\/revisions\/5984"}],"wp:featuredmedia":[{"embeddable":true,"href":"http:\/\/dsrmedios.com.ar\/diario\/wp-json\/wp\/v2\/media\/5983"}],"wp:attachment":[{"href":"http:\/\/dsrmedios.com.ar\/diario\/wp-json\/wp\/v2\/media?parent=5982"}],"wp:term":[{"taxonomy":"category","embeddable":true,"href":"http:\/\/dsrmedios.com.ar\/diario\/wp-json\/wp\/v2\/categories?post=5982"},{"taxonomy":"post_tag","embeddable":true,"href":"http:\/\/dsrmedios.com.ar\/diario\/wp-json\/wp\/v2\/tags?post=5982"}],"curies":[{"name":"wp","href":"https:\/\/api.w.org\/{rel}","templated":true}]}}