{"id":5961,"date":"2018-05-16T08:18:36","date_gmt":"2018-05-16T11:18:36","guid":{"rendered":"http:\/\/dsrmedios.com.ar\/diario\/?p=5961"},"modified":"2018-05-16T08:18:36","modified_gmt":"2018-05-16T11:18:36","slug":"el-municipio-habilito-la-temporada-de-poda-2018-en-todas-las-localidades-del-distrito","status":"publish","type":"post","link":"http:\/\/dsrmedios.com.ar\/diario\/archivos\/5961","title":{"rendered":"El Municipio habilit\u00f3 la temporada de poda 2018 en todas las localidades del distrito"},"content":{"rendered":"<p>El Municipio habilit\u00f3 la temporada de poda para la que es requisito necesario la solicitud de autorizaci\u00f3n por parte del frentista y que el trabajo sea realizado por un podador autorizado que deber\u00e1 retirar las planillas correspondientes a este a\u00f1o.<br \/>\nLas autorizaciones y planillas se pueden retirar en el puesto de informes del Palacio Municipal y en la Secretar\u00eda de Producci\u00f3n.<br \/>\nEn caso de extracciones se deber\u00e1 solicitar un formulario diferente para su autorizaci\u00f3n.<br \/>\nSe puede consultar el listado de podadores autorizados, con sus datos de contacto y detalle de si cuentan con transporte en : www.adolfoalsina.gov.ar\/areas\/espaciosverdes<\/p>\n<p>Restos de poda<\/p>\n<p>Luego de la poda, es responsabilidad del frentista y el podador retirar los restos de la v\u00eda p\u00fablica. \u00c9stos deben ser llevados al Centro de Transferencia de Residuos no Domiciliarios.<br \/>\nNo se pueden dejar restos de poda en los volquetes. Evite multas.<\/p>\n<p>Invierno, tiempo de podar<\/p>\n<p>El invierno es la mejor \u00e9poca para podar los \u00e1rboles ya que es el momento en que est\u00e1n en reposo y pierden menos savia.<br \/>\nEl corte se debe efectuar en la base de la rama pero siempre por encima del cuello, es decir a unos cent\u00edmetros sobre la uni\u00f3n con otra rama. Adem\u00e1s, las yemas tienen que quedar a una distancia de al menos cinco mil\u00edmetros del corte.<br \/>\nLa incisi\u00f3n deber\u00e1 ser en diagonal cuando existen yemas alternas a lo largo de la rama, y recta cuando las yemas crecen a la misma altura del tallo. En caso de dudas sobre la poda, es mejor consultar para evitar consecuencias irreversibles para el ejemplar.<br \/>\nSi el \u00e1rbol es mediano o grande y es necesario trepar a la copa para podar tome todas las medidas de seguridad necesarias para evitar accidentes.<\/p>\n","protected":false},"excerpt":{"rendered":"<div class=\"mh-excerpt\"><p>El Municipio habilit\u00f3 la temporada de poda para la que es requisito necesario la solicitud de autorizaci\u00f3n por parte del frentista y que el trabajo sea realizado por un podador autorizado que deber\u00e1 retirar las planillas correspondientes a este a\u00f1o. Las autorizaciones y planillas se pueden retirar en el puesto de informes del Palacio Municipal y en la Secretar\u00eda de Producci\u00f3n. En caso de extracciones se deber\u00e1 solicitar un formulario diferente para su autorizaci\u00f3n. Se puede consultar el listado de podadores autorizados, con sus datos de contacto y detalle de si cuentan con transporte en : www.adolfoalsina.gov.ar\/areas\/espaciosverdes Restos de poda <a class=\"mh-excerpt-more\" href=\"http:\/\/dsrmedios.com.ar\/diario\/archivos\/5961\" title=\"El Municipio habilit\u00f3 la temporada de poda 2018 en todas las localidades del distrito\">[Leer m\u00e1s]<\/a><\/p>\n<\/div>","protected":false},"author":5,"featured_media":5944,"comment_status":"open","ping_status":"closed","sticky":false,"template":"","format":"standard","meta":{"_jetpack_newsletter_access":""},"categories":[18,31],"tags":[],"jetpack_featured_media_url":"http:\/\/dsrmedios.com.ar\/diario\/wp-content\/uploads\/2018\/05\/poda.jpg","jetpack_sharing_enabled":true,"jetpack_shortlink":"https:\/\/wp.me\/p9fihK-1y9","_links":{"self":[{"href":"http:\/\/dsrmedios.com.ar\/diario\/wp-json\/wp\/v2\/posts\/5961"}],"collection":[{"href":"http:\/\/dsrmedios.com.ar\/diario\/wp-json\/wp\/v2\/posts"}],"about":[{"href":"http:\/\/dsrmedios.com.ar\/diario\/wp-json\/wp\/v2\/types\/post"}],"author":[{"embeddable":true,"href":"http:\/\/dsrmedios.com.ar\/diario\/wp-json\/wp\/v2\/users\/5"}],"replies":[{"embeddable":true,"href":"http:\/\/dsrmedios.com.ar\/diario\/wp-json\/wp\/v2\/comments?post=5961"}],"version-history":[{"count":1,"href":"http:\/\/dsrmedios.com.ar\/diario\/wp-json\/wp\/v2\/posts\/5961\/revisions"}],"predecessor-version":[{"id":5962,"href":"http:\/\/dsrmedios.com.ar\/diario\/wp-json\/wp\/v2\/posts\/5961\/revisions\/5962"}],"wp:featuredmedia":[{"embeddable":true,"href":"http:\/\/dsrmedios.com.ar\/diario\/wp-json\/wp\/v2\/media\/5944"}],"wp:attachment":[{"href":"http:\/\/dsrmedios.com.ar\/diario\/wp-json\/wp\/v2\/media?parent=5961"}],"wp:term":[{"taxonomy":"category","embeddable":true,"href":"http:\/\/dsrmedios.com.ar\/diario\/wp-json\/wp\/v2\/categories?post=5961"},{"taxonomy":"post_tag","embeddable":true,"href":"http:\/\/dsrmedios.com.ar\/diario\/wp-json\/wp\/v2\/tags?post=5961"}],"curies":[{"name":"wp","href":"https:\/\/api.w.org\/{rel}","templated":true}]}}