{"id":5957,"date":"2018-05-16T08:06:50","date_gmt":"2018-05-16T11:06:50","guid":{"rendered":"http:\/\/dsrmedios.com.ar\/diario\/?p=5957"},"modified":"2018-05-16T08:06:50","modified_gmt":"2018-05-16T11:06:50","slug":"la-inflacion-de-abril-fue-la-mas-alta-del-ano-con-27-segun-el-indec","status":"publish","type":"post","link":"http:\/\/dsrmedios.com.ar\/diario\/archivos\/5957","title":{"rendered":"La inflaci\u00f3n de Abril fue la m\u00e1s alta del a\u00f1o con 2,7% seg\u00fan el Indec"},"content":{"rendered":"<p>En medio de un d\u00eda colmado de noticias econ\u00f3micas en el que se sumaron los resultados fiscales y el mega vencimiento de Lebacs, la inflaci\u00f3n hizo su aporte. Seg\u00fan el Indec, &#8220;el nivel general del \u00edndice de precios al consumidor (IPC) representativo del total de hogares del pa\u00eds registr\u00f3 en el mes de abril una variaci\u00f3n de 2,7% con relaci\u00f3n al mes anterior&#8221;.<\/p>\n<p>As\u00ed, la inflaci\u00f3n de 2,7% para abril es la m\u00e1s alta del a\u00f1o y marca un piso elevado para el mes que viene. Es que el dato que se dio a conocer hoy (algunas d\u00e9cimas por arriba incluso de lo que algunos analistas esperaban) no s\u00f3lo es bastante mayor al que se difundi\u00f3 para marzo (2,3%), sino que tambi\u00e9n naci\u00f3 sin influencia de la corrida cambiaria reciente.<\/p>\n<p>El acumulado del a\u00f1o es 9,6% y deja mucho m\u00e1s lejos a\u00fan a una meta de 15% que ya era una utop\u00eda hace varias semanas.<\/p>\n<p>fuente:www.aninoticias.com<\/p>\n","protected":false},"excerpt":{"rendered":"<div class=\"mh-excerpt\"><p>En medio de un d\u00eda colmado de noticias econ\u00f3micas en el que se sumaron los resultados fiscales y el mega vencimiento de Lebacs, la inflaci\u00f3n hizo su aporte. Seg\u00fan el Indec, &#8220;el nivel general del \u00edndice de precios al consumidor (IPC) representativo del total de hogares del pa\u00eds registr\u00f3 en el mes de abril una variaci\u00f3n de 2,7% con relaci\u00f3n al mes anterior&#8221;. As\u00ed, la inflaci\u00f3n de 2,7% para abril es la m\u00e1s alta del a\u00f1o y marca un piso elevado para el mes que viene. Es que el dato que se dio a conocer hoy (algunas d\u00e9cimas por arriba <a class=\"mh-excerpt-more\" href=\"http:\/\/dsrmedios.com.ar\/diario\/archivos\/5957\" title=\"La inflaci\u00f3n de Abril fue la m\u00e1s alta del a\u00f1o con 2,7% seg\u00fan el Indec\">[Leer m\u00e1s]<\/a><\/p>\n<\/div>","protected":false},"author":5,"featured_media":5325,"comment_status":"open","ping_status":"closed","sticky":false,"template":"","format":"standard","meta":{"_jetpack_newsletter_access":""},"categories":[18,6],"tags":[],"jetpack_featured_media_url":"http:\/\/dsrmedios.com.ar\/diario\/wp-content\/uploads\/2018\/04\/indec.jpg","jetpack_sharing_enabled":true,"jetpack_shortlink":"https:\/\/wp.me\/p9fihK-1y5","_links":{"self":[{"href":"http:\/\/dsrmedios.com.ar\/diario\/wp-json\/wp\/v2\/posts\/5957"}],"collection":[{"href":"http:\/\/dsrmedios.com.ar\/diario\/wp-json\/wp\/v2\/posts"}],"about":[{"href":"http:\/\/dsrmedios.com.ar\/diario\/wp-json\/wp\/v2\/types\/post"}],"author":[{"embeddable":true,"href":"http:\/\/dsrmedios.com.ar\/diario\/wp-json\/wp\/v2\/users\/5"}],"replies":[{"embeddable":true,"href":"http:\/\/dsrmedios.com.ar\/diario\/wp-json\/wp\/v2\/comments?post=5957"}],"version-history":[{"count":1,"href":"http:\/\/dsrmedios.com.ar\/diario\/wp-json\/wp\/v2\/posts\/5957\/revisions"}],"predecessor-version":[{"id":5958,"href":"http:\/\/dsrmedios.com.ar\/diario\/wp-json\/wp\/v2\/posts\/5957\/revisions\/5958"}],"wp:featuredmedia":[{"embeddable":true,"href":"http:\/\/dsrmedios.com.ar\/diario\/wp-json\/wp\/v2\/media\/5325"}],"wp:attachment":[{"href":"http:\/\/dsrmedios.com.ar\/diario\/wp-json\/wp\/v2\/media?parent=5957"}],"wp:term":[{"taxonomy":"category","embeddable":true,"href":"http:\/\/dsrmedios.com.ar\/diario\/wp-json\/wp\/v2\/categories?post=5957"},{"taxonomy":"post_tag","embeddable":true,"href":"http:\/\/dsrmedios.com.ar\/diario\/wp-json\/wp\/v2\/tags?post=5957"}],"curies":[{"name":"wp","href":"https:\/\/api.w.org\/{rel}","templated":true}]}}