{"id":5954,"date":"2018-05-16T08:01:04","date_gmt":"2018-05-16T11:01:04","guid":{"rendered":"http:\/\/dsrmedios.com.ar\/diario\/?p=5954"},"modified":"2018-05-16T08:01:04","modified_gmt":"2018-05-16T11:01:04","slug":"diputados-de-unidad-ciudadana-reclamaron-una-sesion-especial-para-bajar-las-tarifas-en-provincia","status":"publish","type":"post","link":"http:\/\/dsrmedios.com.ar\/diario\/archivos\/5954","title":{"rendered":"Diputados de Unidad Ciudadana reclamaron una sesi\u00f3n especial para bajar las tarifas en Provincia"},"content":{"rendered":"<p>El bloque de diputados provinciales de Unidad Ciudadana FPV-PJ, reclam\u00f3 este martes a a la gobernadora Mar\u00eda Eugenia Vidal y al presidente de la C\u00e1mara de Diputados bonaerense, Manuel Mosca, que convoquen una &#8220;sesi\u00f3n especial urgente&#8221; para darle tratamiento a un proyecto para retrotraer el valor de las tarifas a 2017.<\/p>\n<p>A trav\u00e9s de un comunicado, la bancada kirchnerista consider\u00f3 que tanto la gobernadora como el titular de la C\u00e1mara baja provincial &#8220;incumplen las normas&#8221; al no convocar a esta sesi\u00f3n especial &#8220;para tratar los proyectos que frenen el tarifazo&#8221; al considerar que &#8220;los plazos reglamentarios est\u00e1n vencidos&#8221;.<\/p>\n<p>&#8220;Los 16 millones de bonaerenses no merecen esta falta de respeto frente a un problema que los pone en peligro. Por eso avanzaremos en las instancias judiciales para obligar a los legisladores de Cambiemos a dar la discusi\u00f3n en una sesi\u00f3n especial que tiene que concretarse de manera urgente&#8221;, precisaron los diputados opositores.<\/p>\n<p>fuente:www.aninoticias.com<\/p>\n","protected":false},"excerpt":{"rendered":"<div class=\"mh-excerpt\"><p>El bloque de diputados provinciales de Unidad Ciudadana FPV-PJ, reclam\u00f3 este martes a a la gobernadora Mar\u00eda Eugenia Vidal y al presidente de la C\u00e1mara de Diputados bonaerense, Manuel Mosca, que convoquen una &#8220;sesi\u00f3n especial urgente&#8221; para darle tratamiento a un proyecto para retrotraer el valor de las tarifas a 2017. A trav\u00e9s de un comunicado, la bancada kirchnerista consider\u00f3 que tanto la gobernadora como el titular de la C\u00e1mara baja provincial &#8220;incumplen las normas&#8221; al no convocar a esta sesi\u00f3n especial &#8220;para tratar los proyectos que frenen el tarifazo&#8221; al considerar que &#8220;los plazos reglamentarios est\u00e1n vencidos&#8221;. &#8220;Los 16 <a class=\"mh-excerpt-more\" href=\"http:\/\/dsrmedios.com.ar\/diario\/archivos\/5954\" title=\"Diputados de Unidad Ciudadana reclamaron una sesi\u00f3n especial para bajar las tarifas en Provincia\">[Leer m\u00e1s]<\/a><\/p>\n<\/div>","protected":false},"author":5,"featured_media":1968,"comment_status":"open","ping_status":"closed","sticky":false,"template":"","format":"standard","meta":{"_jetpack_newsletter_access":""},"categories":[18,7],"tags":[],"jetpack_featured_media_url":"http:\/\/dsrmedios.com.ar\/diario\/wp-content\/uploads\/2017\/10\/legisla.jpg","jetpack_sharing_enabled":true,"jetpack_shortlink":"https:\/\/wp.me\/p9fihK-1y2","_links":{"self":[{"href":"http:\/\/dsrmedios.com.ar\/diario\/wp-json\/wp\/v2\/posts\/5954"}],"collection":[{"href":"http:\/\/dsrmedios.com.ar\/diario\/wp-json\/wp\/v2\/posts"}],"about":[{"href":"http:\/\/dsrmedios.com.ar\/diario\/wp-json\/wp\/v2\/types\/post"}],"author":[{"embeddable":true,"href":"http:\/\/dsrmedios.com.ar\/diario\/wp-json\/wp\/v2\/users\/5"}],"replies":[{"embeddable":true,"href":"http:\/\/dsrmedios.com.ar\/diario\/wp-json\/wp\/v2\/comments?post=5954"}],"version-history":[{"count":1,"href":"http:\/\/dsrmedios.com.ar\/diario\/wp-json\/wp\/v2\/posts\/5954\/revisions"}],"predecessor-version":[{"id":5955,"href":"http:\/\/dsrmedios.com.ar\/diario\/wp-json\/wp\/v2\/posts\/5954\/revisions\/5955"}],"wp:featuredmedia":[{"embeddable":true,"href":"http:\/\/dsrmedios.com.ar\/diario\/wp-json\/wp\/v2\/media\/1968"}],"wp:attachment":[{"href":"http:\/\/dsrmedios.com.ar\/diario\/wp-json\/wp\/v2\/media?parent=5954"}],"wp:term":[{"taxonomy":"category","embeddable":true,"href":"http:\/\/dsrmedios.com.ar\/diario\/wp-json\/wp\/v2\/categories?post=5954"},{"taxonomy":"post_tag","embeddable":true,"href":"http:\/\/dsrmedios.com.ar\/diario\/wp-json\/wp\/v2\/tags?post=5954"}],"curies":[{"name":"wp","href":"https:\/\/api.w.org\/{rel}","templated":true}]}}