{"id":5927,"date":"2018-05-15T07:07:26","date_gmt":"2018-05-15T10:07:26","guid":{"rendered":"http:\/\/dsrmedios.com.ar\/diario\/?p=5927"},"modified":"2018-05-14T16:19:05","modified_gmt":"2018-05-14T19:19:05","slug":"el-defensor-del-pueblo-denuncio-a-la-provincia-por-los-aumentos-tarifarios-de-electricidad","status":"publish","type":"post","link":"http:\/\/dsrmedios.com.ar\/diario\/archivos\/5927","title":{"rendered":"El defensor del Pueblo denunci\u00f3 a la provincia por los aumentos tarifarios de electricidad"},"content":{"rendered":"<p>La Defensor\u00eda del Pueblo bonaerense denunci\u00f3 al Estado nacional por haber habilitado a las empresas Edenor y Edesur para que avancen con una suba \u201cilegal, irrazonable e inconstitucional\u201d de la tarifa el\u00e9ctrica.<\/p>\n<p>\u201cUn usuario que consume hasta 300 kw\/h tuvo que pagar desde febrero de 2016 hasta hoy un aumento del 1.500%, lo que representa una situaci\u00f3n de clara pobreza energ\u00e9tica, donde las familias tienen que postergar otros gastos para abonar los servicios, algo que impacta con mayor fuerza en los sectores m\u00e1s vulnerables\u201d, explic\u00f3 el Defensor del Pueblo, Guido Lorenzino.<\/p>\n<p>La denuncia fue presentada en el Ministerio P\u00fablico Fiscal, teniendo en cuenta que este organismo tiene la obligaci\u00f3n, tal como lo marca la Constituci\u00f3n, de proteger los derechos de los consumidores, principalmente los de menos recursos.<\/p>\n<p>\u201cEl gobierno nacional es responsable de que estemos ante una tarifa confiscatoria y casi imposible de pagar, y que le da la espalda al derecho constitucional que prev\u00e9 la protecci\u00f3n econ\u00f3mica de los usuarios\u201d, denunci\u00f3 Lorenzino.<\/p>\n<p>En esa l\u00ednea, indic\u00f3 que \u201ccon la denuncia tambi\u00e9n queremos dejar en manifiesto lo que sucede con la tarifa social, que con todas las modificaciones que le aplic\u00f3 el gobierno hace que hoy el 70% de los usuarios que deber\u00edan estar alcanzados por este beneficio no lo tengan\u201d.<\/p>\n<p>En su denuncia, la Defensor\u00eda reconoce que los aumentos no son razonables, progresivos ni proporcionales. Adem\u00e1s, al observar que los consumidores no podr\u00e1n abonar la tarifa, pone el acento en el impacto que esta situaci\u00f3n tiene en la prestaci\u00f3n de un servicio eficiente y de calidad que exige la Constituci\u00f3n.<\/p>\n","protected":false},"excerpt":{"rendered":"<div class=\"mh-excerpt\"><p>La Defensor\u00eda del Pueblo bonaerense denunci\u00f3 al Estado nacional por haber habilitado a las empresas Edenor y Edesur para que avancen con una suba \u201cilegal, irrazonable e inconstitucional\u201d de la tarifa el\u00e9ctrica. \u201cUn usuario que consume hasta 300 kw\/h tuvo que pagar desde febrero de 2016 hasta hoy un aumento del 1.500%, lo que representa una situaci\u00f3n de clara pobreza energ\u00e9tica, donde las familias tienen que postergar otros gastos para abonar los servicios, algo que impacta con mayor fuerza en los sectores m\u00e1s vulnerables\u201d, explic\u00f3 el Defensor del Pueblo, Guido Lorenzino. La denuncia fue presentada en el Ministerio P\u00fablico Fiscal, <a class=\"mh-excerpt-more\" href=\"http:\/\/dsrmedios.com.ar\/diario\/archivos\/5927\" title=\"El defensor del Pueblo denunci\u00f3 a la provincia por los aumentos tarifarios de electricidad\">[Leer m\u00e1s]<\/a><\/p>\n<\/div>","protected":false},"author":5,"featured_media":4335,"comment_status":"open","ping_status":"closed","sticky":false,"template":"","format":"standard","meta":{"_jetpack_newsletter_access":""},"categories":[18,7],"tags":[],"jetpack_featured_media_url":"http:\/\/dsrmedios.com.ar\/diario\/wp-content\/uploads\/2018\/02\/guidolorenzino.jpeg","jetpack_sharing_enabled":true,"jetpack_shortlink":"https:\/\/wp.me\/p9fihK-1xB","_links":{"self":[{"href":"http:\/\/dsrmedios.com.ar\/diario\/wp-json\/wp\/v2\/posts\/5927"}],"collection":[{"href":"http:\/\/dsrmedios.com.ar\/diario\/wp-json\/wp\/v2\/posts"}],"about":[{"href":"http:\/\/dsrmedios.com.ar\/diario\/wp-json\/wp\/v2\/types\/post"}],"author":[{"embeddable":true,"href":"http:\/\/dsrmedios.com.ar\/diario\/wp-json\/wp\/v2\/users\/5"}],"replies":[{"embeddable":true,"href":"http:\/\/dsrmedios.com.ar\/diario\/wp-json\/wp\/v2\/comments?post=5927"}],"version-history":[{"count":1,"href":"http:\/\/dsrmedios.com.ar\/diario\/wp-json\/wp\/v2\/posts\/5927\/revisions"}],"predecessor-version":[{"id":5928,"href":"http:\/\/dsrmedios.com.ar\/diario\/wp-json\/wp\/v2\/posts\/5927\/revisions\/5928"}],"wp:featuredmedia":[{"embeddable":true,"href":"http:\/\/dsrmedios.com.ar\/diario\/wp-json\/wp\/v2\/media\/4335"}],"wp:attachment":[{"href":"http:\/\/dsrmedios.com.ar\/diario\/wp-json\/wp\/v2\/media?parent=5927"}],"wp:term":[{"taxonomy":"category","embeddable":true,"href":"http:\/\/dsrmedios.com.ar\/diario\/wp-json\/wp\/v2\/categories?post=5927"},{"taxonomy":"post_tag","embeddable":true,"href":"http:\/\/dsrmedios.com.ar\/diario\/wp-json\/wp\/v2\/tags?post=5927"}],"curies":[{"name":"wp","href":"https:\/\/api.w.org\/{rel}","templated":true}]}}