{"id":5923,"date":"2018-05-15T07:10:21","date_gmt":"2018-05-15T10:10:21","guid":{"rendered":"http:\/\/dsrmedios.com.ar\/diario\/?p=5923"},"modified":"2018-05-14T16:16:58","modified_gmt":"2018-05-14T19:16:58","slug":"5923","status":"publish","type":"post","link":"http:\/\/dsrmedios.com.ar\/diario\/archivos\/5923","title":{"rendered":"El ministro de Agroindustria defendi\u00f3 a los productores y asegur\u00f3 que nadie retiene la producci\u00f3n"},"content":{"rendered":"<p>El Ministro de Agroindustria bonarense, Leonardo Sarqu\u00eds, asegur\u00f3 este lunes que &#8220;el porcentaje de liquidaci\u00f3n de granos es similar al de este momento del a\u00f1o pasado&#8221;, con lo que descart\u00f3 que haya agricultores que est\u00e9n reteniendo su producci\u00f3n.<\/p>\n<p>Sarqu\u00eds respondi\u00f3 as\u00ed a unas declaraciones en las que la diputada Elisa Carri\u00f3 pidi\u00f3 a los productores que &#8220;no retengan la soja&#8221; y la vendan para que ingresen divisas al pa\u00eds.<\/p>\n<p>&#8220;El vector de ahorro de los productores son los granos: ellos cosechan y gracias a Dios que tienen la posibilidad de elegir a qui\u00e9n le venden, c\u00f3mo venden y cu\u00e1ndo venden&#8221;, subray\u00f3 el ministro bonaerense a Radio Provincia. Y dijo que los productores &#8220;est\u00e1n siempre mirando cu\u00e1ndo es la mejor oportunidad&#8221; para vender sus granos y &#8220;en el caso de la soja, est\u00e1n liquidando lo mismo que el a\u00f1o pasado en el mismo momento&#8221;.<\/p>\n<p>&#8220;Siempre est\u00e1 instalado que los productores especulan con esto, pero son afirmaciones apuradas porque est\u00e1n liquidando lo mismo que el a\u00f1o pasado&#8221;, sostuvo Sarqu\u00eds.<\/p>\n","protected":false},"excerpt":{"rendered":"<div class=\"mh-excerpt\"><p>El Ministro de Agroindustria bonarense, Leonardo Sarqu\u00eds, asegur\u00f3 este lunes que &#8220;el porcentaje de liquidaci\u00f3n de granos es similar al de este momento del a\u00f1o pasado&#8221;, con lo que descart\u00f3 que haya agricultores que est\u00e9n reteniendo su producci\u00f3n. Sarqu\u00eds respondi\u00f3 as\u00ed a unas declaraciones en las que la diputada Elisa Carri\u00f3 pidi\u00f3 a los productores que &#8220;no retengan la soja&#8221; y la vendan para que ingresen divisas al pa\u00eds. &#8220;El vector de ahorro de los productores son los granos: ellos cosechan y gracias a Dios que tienen la posibilidad de elegir a qui\u00e9n le venden, c\u00f3mo venden y cu\u00e1ndo venden&#8221;, <a class=\"mh-excerpt-more\" href=\"http:\/\/dsrmedios.com.ar\/diario\/archivos\/5923\" title=\"El ministro de Agroindustria defendi\u00f3 a los productores y asegur\u00f3 que nadie retiene la producci\u00f3n\">[Leer m\u00e1s]<\/a><\/p>\n<\/div>","protected":false},"author":5,"featured_media":5924,"comment_status":"open","ping_status":"closed","sticky":false,"template":"","format":"standard","meta":{"_jetpack_newsletter_access":""},"categories":[18,7],"tags":[],"jetpack_featured_media_url":"http:\/\/dsrmedios.com.ar\/diario\/wp-content\/uploads\/2018\/05\/sarquis_5.jpg","jetpack_sharing_enabled":true,"jetpack_shortlink":"https:\/\/wp.me\/s9fihK-5923","_links":{"self":[{"href":"http:\/\/dsrmedios.com.ar\/diario\/wp-json\/wp\/v2\/posts\/5923"}],"collection":[{"href":"http:\/\/dsrmedios.com.ar\/diario\/wp-json\/wp\/v2\/posts"}],"about":[{"href":"http:\/\/dsrmedios.com.ar\/diario\/wp-json\/wp\/v2\/types\/post"}],"author":[{"embeddable":true,"href":"http:\/\/dsrmedios.com.ar\/diario\/wp-json\/wp\/v2\/users\/5"}],"replies":[{"embeddable":true,"href":"http:\/\/dsrmedios.com.ar\/diario\/wp-json\/wp\/v2\/comments?post=5923"}],"version-history":[{"count":2,"href":"http:\/\/dsrmedios.com.ar\/diario\/wp-json\/wp\/v2\/posts\/5923\/revisions"}],"predecessor-version":[{"id":5926,"href":"http:\/\/dsrmedios.com.ar\/diario\/wp-json\/wp\/v2\/posts\/5923\/revisions\/5926"}],"wp:featuredmedia":[{"embeddable":true,"href":"http:\/\/dsrmedios.com.ar\/diario\/wp-json\/wp\/v2\/media\/5924"}],"wp:attachment":[{"href":"http:\/\/dsrmedios.com.ar\/diario\/wp-json\/wp\/v2\/media?parent=5923"}],"wp:term":[{"taxonomy":"category","embeddable":true,"href":"http:\/\/dsrmedios.com.ar\/diario\/wp-json\/wp\/v2\/categories?post=5923"},{"taxonomy":"post_tag","embeddable":true,"href":"http:\/\/dsrmedios.com.ar\/diario\/wp-json\/wp\/v2\/tags?post=5923"}],"curies":[{"name":"wp","href":"https:\/\/api.w.org\/{rel}","templated":true}]}}