{"id":5896,"date":"2018-05-14T08:17:52","date_gmt":"2018-05-14T11:17:52","guid":{"rendered":"http:\/\/dsrmedios.com.ar\/diario\/?p=5896"},"modified":"2018-05-14T08:17:52","modified_gmt":"2018-05-14T11:17:52","slug":"dictaron-la-capacitacion-academica-en-trastorno-del-espectro-autista-en-carhue","status":"publish","type":"post","link":"http:\/\/dsrmedios.com.ar\/diario\/archivos\/5896","title":{"rendered":"Dictaron la capacitaci\u00f3n acad\u00e9mica en trastorno del espectro autista en Carhu\u00e9"},"content":{"rendered":"<p>M\u00e1s de 150 personas participaron de la capacitaci\u00f3n acad\u00e9mica gratuita en trastorno del espectro autista destinada a docentes y terapeutas, que fuera iniciativa de un grupo de padres y el trabajo conjunto con la EP n\u00ba3 y el Municipio.<br \/>\nLa capacitaci\u00f3n fue dictada en la Casa de la Cultura por Pamela Salas, Magister en Psicolog\u00eda Cognitiva y Aprendizaje, Especialista en trastornos de espectro autista e inclusi\u00f3n educativa.<br \/>\nEn una jornada de 7 horas se trabaj\u00f3 sobre las caracter\u00edsticas, detecci\u00f3n y atenci\u00f3n temprana; abordaje integral y configuraciones de apoyo; evaluaci\u00f3n funcional contextualizada; y apoyo para la inclusi\u00f3n social y escolar.<br \/>\nTambi\u00e9n apoyan la actividad empresas y comercios locales: Agrupaci\u00f3n Campo Nuevo, Frigor\u00edfico Alsina, La Industrial, Aberturas Menendez, Kiosco Acuario, Gomer\u00eda Brumar, Verduler\u00eda Achicoria Rabiosa, Lavadero Menendez, Hotel Cristal y Hielo Ciro.<br \/>\nDurante la capacitaci\u00f3n hubo servicio de buffet a cargo de la cooperadora de la escuela.<\/p>\n","protected":false},"excerpt":{"rendered":"<div class=\"mh-excerpt\"><p>M\u00e1s de 150 personas participaron de la capacitaci\u00f3n acad\u00e9mica gratuita en trastorno del espectro autista destinada a docentes y terapeutas, que fuera iniciativa de un grupo de padres y el trabajo conjunto con la EP n\u00ba3 y el Municipio. La capacitaci\u00f3n fue dictada en la Casa de la Cultura por Pamela Salas, Magister en Psicolog\u00eda Cognitiva y Aprendizaje, Especialista en trastornos de espectro autista e inclusi\u00f3n educativa. En una jornada de 7 horas se trabaj\u00f3 sobre las caracter\u00edsticas, detecci\u00f3n y atenci\u00f3n temprana; abordaje integral y configuraciones de apoyo; evaluaci\u00f3n funcional contextualizada; y apoyo para la inclusi\u00f3n social y escolar. Tambi\u00e9n <a class=\"mh-excerpt-more\" href=\"http:\/\/dsrmedios.com.ar\/diario\/archivos\/5896\" title=\"Dictaron la capacitaci\u00f3n acad\u00e9mica en trastorno del espectro autista en Carhu\u00e9\">[Leer m\u00e1s]<\/a><\/p>\n<\/div>","protected":false},"author":5,"featured_media":5897,"comment_status":"open","ping_status":"closed","sticky":false,"template":"","format":"standard","meta":{"_jetpack_newsletter_access":""},"categories":[18,31],"tags":[],"jetpack_featured_media_url":"http:\/\/dsrmedios.com.ar\/diario\/wp-content\/uploads\/2018\/05\/espectro.jpeg","jetpack_sharing_enabled":true,"jetpack_shortlink":"https:\/\/wp.me\/p9fihK-1x6","_links":{"self":[{"href":"http:\/\/dsrmedios.com.ar\/diario\/wp-json\/wp\/v2\/posts\/5896"}],"collection":[{"href":"http:\/\/dsrmedios.com.ar\/diario\/wp-json\/wp\/v2\/posts"}],"about":[{"href":"http:\/\/dsrmedios.com.ar\/diario\/wp-json\/wp\/v2\/types\/post"}],"author":[{"embeddable":true,"href":"http:\/\/dsrmedios.com.ar\/diario\/wp-json\/wp\/v2\/users\/5"}],"replies":[{"embeddable":true,"href":"http:\/\/dsrmedios.com.ar\/diario\/wp-json\/wp\/v2\/comments?post=5896"}],"version-history":[{"count":1,"href":"http:\/\/dsrmedios.com.ar\/diario\/wp-json\/wp\/v2\/posts\/5896\/revisions"}],"predecessor-version":[{"id":5898,"href":"http:\/\/dsrmedios.com.ar\/diario\/wp-json\/wp\/v2\/posts\/5896\/revisions\/5898"}],"wp:featuredmedia":[{"embeddable":true,"href":"http:\/\/dsrmedios.com.ar\/diario\/wp-json\/wp\/v2\/media\/5897"}],"wp:attachment":[{"href":"http:\/\/dsrmedios.com.ar\/diario\/wp-json\/wp\/v2\/media?parent=5896"}],"wp:term":[{"taxonomy":"category","embeddable":true,"href":"http:\/\/dsrmedios.com.ar\/diario\/wp-json\/wp\/v2\/categories?post=5896"},{"taxonomy":"post_tag","embeddable":true,"href":"http:\/\/dsrmedios.com.ar\/diario\/wp-json\/wp\/v2\/tags?post=5896"}],"curies":[{"name":"wp","href":"https:\/\/api.w.org\/{rel}","templated":true}]}}