{"id":5869,"date":"2018-05-11T08:37:24","date_gmt":"2018-05-11T11:37:24","guid":{"rendered":"http:\/\/dsrmedios.com.ar\/diario\/?p=5869"},"modified":"2018-05-11T08:37:24","modified_gmt":"2018-05-11T11:37:24","slug":"preocupacion-de-productores-trigueros-por-incertidumbre-cambiaria-podrian-retener","status":"publish","type":"post","link":"http:\/\/dsrmedios.com.ar\/diario\/archivos\/5869","title":{"rendered":"Preocupaci\u00f3n de productores trigueros por incertidumbre cambiaria podr\u00edan retener"},"content":{"rendered":"<p>La fuerte suba que registr\u00f3 el d\u00f3lar en los \u00faltimos d\u00edas (este mi\u00e9rcoles cerr\u00f3 a $ 23,10) y el aumento de la tasa de referencia al 40% dispuesta por el Banco Central generaron un alto grado de intranquilidad e incertidumbre en el sector agropecuario.<\/p>\n<p>La preocupaci\u00f3n qued\u00f3 en evidencia teniendo en cuenta que el 2 de mayo, hace una semana, el trigo se vend\u00eda en la Bolsa de Comercio de Rosario (BCR) a $ 4.999 por tonelada, mientras que este mi\u00e9rcoles se negoci\u00f3 a $ 5.650 por tonelada.<\/p>\n<p>En este sentido, Gustavo L\u00f3pez, director de la consultora Agritrend, coment\u00f3 a La Pol\u00edtica Online que &#8220;como ocurri\u00f3 con la mayor\u00eda de los granos, en los \u00faltimos d\u00edas se redujeron las ventas por la incertidumbre presente respecto a la cotizaci\u00f3n del d\u00f3lar&#8221;.<\/p>\n<p>Otro aspecto que mencion\u00f3 el analista de mercados que explica el fuerte aumento del trigo es una estimaci\u00f3n de cosecha 2017\/18 un tanto excesiva. &#8220;Quiz\u00e1 no se produjeron 18 millones de toneladas como se dijo y la cosecha es un poco menor&#8221;, se\u00f1al\u00f3.<\/p>\n<p>Lo cierto es que en el campo el clima de crisis que se exacerb\u00f3 en la \u00faltima semana hizo que muchos productores con espalda financiera se refugien en su cosecha como moneda de reserva de valor a la espera de que se normalice la econom\u00eda.<\/p>\n<p>La devaluaci\u00f3n, si bien beneficia a los que tienen activos dolarizados como los productores de granos, a su vez trae aumentos de costos productivos que complican la financiaci\u00f3n de la pr\u00f3xima campa\u00f1a ya que muchos insumos cotizan en d\u00f3lares.<\/p>\n<p>Como sea, la suba del trigo le pone presi\u00f3n a la inflaci\u00f3n en relaci\u00f3n al precio de los productos derivados y algunos representantes de las panader\u00edas salieron nuevamente a justificar aumentos en el pan que ya se vende a un promedio de $ 60 por kilo.<\/p>\n<p>fuente:www.lapoliticaonline.com<\/p>\n","protected":false},"excerpt":{"rendered":"<div class=\"mh-excerpt\"><p>La fuerte suba que registr\u00f3 el d\u00f3lar en los \u00faltimos d\u00edas (este mi\u00e9rcoles cerr\u00f3 a $ 23,10) y el aumento de la tasa de referencia al 40% dispuesta por el Banco Central generaron un alto grado de intranquilidad e incertidumbre en el sector agropecuario. La preocupaci\u00f3n qued\u00f3 en evidencia teniendo en cuenta que el 2 de mayo, hace una semana, el trigo se vend\u00eda en la Bolsa de Comercio de Rosario (BCR) a $ 4.999 por tonelada, mientras que este mi\u00e9rcoles se negoci\u00f3 a $ 5.650 por tonelada. En este sentido, Gustavo L\u00f3pez, director de la consultora Agritrend, coment\u00f3 a <a class=\"mh-excerpt-more\" href=\"http:\/\/dsrmedios.com.ar\/diario\/archivos\/5869\" title=\"Preocupaci\u00f3n de productores trigueros por incertidumbre cambiaria podr\u00edan retener\">[Leer m\u00e1s]<\/a><\/p>\n<\/div>","protected":false},"author":5,"featured_media":5431,"comment_status":"open","ping_status":"closed","sticky":false,"template":"","format":"standard","meta":{"_jetpack_newsletter_access":""},"categories":[6],"tags":[],"jetpack_featured_media_url":"http:\/\/dsrmedios.com.ar\/diario\/wp-content\/uploads\/2018\/04\/76285-campo-de-trigo.jpg","jetpack_sharing_enabled":true,"jetpack_shortlink":"https:\/\/wp.me\/p9fihK-1wF","_links":{"self":[{"href":"http:\/\/dsrmedios.com.ar\/diario\/wp-json\/wp\/v2\/posts\/5869"}],"collection":[{"href":"http:\/\/dsrmedios.com.ar\/diario\/wp-json\/wp\/v2\/posts"}],"about":[{"href":"http:\/\/dsrmedios.com.ar\/diario\/wp-json\/wp\/v2\/types\/post"}],"author":[{"embeddable":true,"href":"http:\/\/dsrmedios.com.ar\/diario\/wp-json\/wp\/v2\/users\/5"}],"replies":[{"embeddable":true,"href":"http:\/\/dsrmedios.com.ar\/diario\/wp-json\/wp\/v2\/comments?post=5869"}],"version-history":[{"count":1,"href":"http:\/\/dsrmedios.com.ar\/diario\/wp-json\/wp\/v2\/posts\/5869\/revisions"}],"predecessor-version":[{"id":5870,"href":"http:\/\/dsrmedios.com.ar\/diario\/wp-json\/wp\/v2\/posts\/5869\/revisions\/5870"}],"wp:featuredmedia":[{"embeddable":true,"href":"http:\/\/dsrmedios.com.ar\/diario\/wp-json\/wp\/v2\/media\/5431"}],"wp:attachment":[{"href":"http:\/\/dsrmedios.com.ar\/diario\/wp-json\/wp\/v2\/media?parent=5869"}],"wp:term":[{"taxonomy":"category","embeddable":true,"href":"http:\/\/dsrmedios.com.ar\/diario\/wp-json\/wp\/v2\/categories?post=5869"},{"taxonomy":"post_tag","embeddable":true,"href":"http:\/\/dsrmedios.com.ar\/diario\/wp-json\/wp\/v2\/tags?post=5869"}],"curies":[{"name":"wp","href":"https:\/\/api.w.org\/{rel}","templated":true}]}}